{"id":3400,"date":"2025-11-26T07:58:19","date_gmt":"2025-11-26T06:58:19","guid":{"rendered":"https:\/\/lequotidien-deconstantine.dz\/?p=3400"},"modified":"2025-11-26T07:58:21","modified_gmt":"2025-11-26T06:58:21","slug":"enquete-choc-40-des-eleves-connectes-des-11-ans","status":"publish","type":"post","link":"https:\/\/lequotidien-deconstantine.dz\/?p=3400","title":{"rendered":"Enqu\u00eate choc\u00a0: 40 % des \u00e9l\u00e8ves connect\u00e9s d\u00e8s 11 ans"},"content":{"rendered":"\n<p>Une enqu\u00eate nationale choc men\u00e9e sur les m\u00e9faits des \u00e9crans num\u00e9riques en milieu scolaire, pr\u00e9sent\u00e9e lundi \u00e0 Alger par le minist\u00e8re de la Sant\u00e9, r\u00e9v\u00e8le que 40 % des \u00e9l\u00e8ves ont re\u00e7u leur premier smartphone entre 11 et 13 ans, illustrant un usage pr\u00e9coce et g\u00e9n\u00e9ralis\u00e9 des technologies num\u00e9riques.<\/p>\n\n\n\n<p>L\u2019\u00e9tude, coordonn\u00e9e par le Dr Hamza Rouabah, chef de service de la pr\u00e9vention \u00e0 la Direction de la sant\u00e9 et de la population de la wilaya de S\u00e9tif, a \u00e9t\u00e9 men\u00e9e aupr\u00e8s de plus d\u2019un million d\u2019\u00e9l\u00e8ves du cycle moyen dans toutes les wilayas du pays. Les r\u00e9sultats montrent que plus de 32 % des \u00e9l\u00e8ves passent plus de trois heures par jour devant un \u00e9cran et que 40 % d\u2019entre eux ont \u00e9t\u00e9 expos\u00e9s \u00e0 des contenus inappropri\u00e9s, soulignant l\u2019urgence de mesures de pr\u00e9vention et de surveillance.<\/p>\n\n\n\n<p>Selon la Dr Fatma Bousmaha, sous-directrice au minist\u00e8re de la Sant\u00e9, l\u2019usage prolong\u00e9 des \u00e9crans a un impact direct sur la concentration des \u00e9l\u00e8ves et peut entra\u00eener des risques d\u2019ob\u00e9sit\u00e9, li\u00e9s au temps excessif pass\u00e9 devant les appareils num\u00e9riques. Elle lance un appel aux parents pour contr\u00f4ler les contenus consult\u00e9s par leurs enfants et limiter leur temps d\u2019exposition, afin de prot\u00e9ger leur sant\u00e9 physique et mentale.<\/p>\n\n\n\n<p>Le Dr Djamel Fourar, directeur g\u00e9n\u00e9ral de la pr\u00e9vention et de la promotion de la sant\u00e9, pr\u00e9cise que les r\u00e9sultats de cette enqu\u00eate serviront \u00e0 mettre en place des m\u00e9canismes permettant aux \u00e9l\u00e8ves de tirer profit des \u00e9crans dans leurs \u00e9tudes et recherches, tout en \u00e9vitant leurs effets n\u00e9gatifs. L\u2019objectif est de favoriser un usage num\u00e9rique responsable et s\u00e9curis\u00e9, combinant \u00e9ducation, pr\u00e9vention et encadrement parental.<\/p>\n\n\n\n<p>L\u2019enqu\u00eate nationale souligne la n\u00e9cessit\u00e9 d\u2019une mobilisation conjointe des autorit\u00e9s \u00e9ducatives, sanitaires et des familles pour accompagner les jeunes dans l\u2019usage \u00e9quilibr\u00e9 des technologies num\u00e9riques, prot\u00e9ger leur sant\u00e9 et am\u00e9liorer leur r\u00e9ussite scolaire.<\/p>\n\n\n\n<p>L.R.<\/p>\n","protected":false},"excerpt":{"rendered":"<p>Une enqu\u00eate nationale choc men\u00e9e sur les m\u00e9faits des \u00e9crans num\u00e9riques en milieu scolaire, pr\u00e9sent\u00e9e lundi \u00e0 Alger par le minist\u00e8re de la Sant\u00e9, r\u00e9v\u00e8le que 40 % des \u00e9l\u00e8ves ont re\u00e7u leur premier smartphone entre 11 et 13 ans, illustrant un usage pr\u00e9coce et g\u00e9n\u00e9ralis\u00e9 des technologies num\u00e9riques. L\u2019\u00e9tude, coordonn\u00e9e par le Dr Hamza [&hellip;]<\/p>\n","protected":false},"author":3,"featured_media":3401,"comment_status":"open","ping_status":"open","sticky":false,"template":"","format":"standard","meta":{"footnotes":""},"categories":[2],"tags":[],"class_list":{"0":"post-3400","1":"post","2":"type-post","3":"status-publish","4":"format-standard","5":"has-post-thumbnail","7":"category-infos"},"_links":{"self":[{"href":"https:\/\/lequotidien-deconstantine.dz\/index.php?rest_route=\/wp\/v2\/posts\/3400","targetHints":{"allow":["GET"]}}],"collection":[{"href":"https:\/\/lequotidien-deconstantine.dz\/index.php?rest_route=\/wp\/v2\/posts"}],"about":[{"href":"https:\/\/lequotidien-deconstantine.dz\/index.php?rest_route=\/wp\/v2\/types\/post"}],"author":[{"embeddable":true,"href":"https:\/\/lequotidien-deconstantine.dz\/index.php?rest_route=\/wp\/v2\/users\/3"}],"replies":[{"embeddable":true,"href":"https:\/\/lequotidien-deconstantine.dz\/index.php?rest_route=%2Fwp%2Fv2%2Fcomments&post=3400"}],"version-history":[{"count":1,"href":"https:\/\/lequotidien-deconstantine.dz\/index.php?rest_route=\/wp\/v2\/posts\/3400\/revisions"}],"predecessor-version":[{"id":3402,"href":"https:\/\/lequotidien-deconstantine.dz\/index.php?rest_route=\/wp\/v2\/posts\/3400\/revisions\/3402"}],"wp:featuredmedia":[{"embeddable":true,"href":"https:\/\/lequotidien-deconstantine.dz\/index.php?rest_route=\/wp\/v2\/media\/3401"}],"wp:attachment":[{"href":"https:\/\/lequotidien-deconstantine.dz\/index.php?rest_route=%2Fwp%2Fv2%2Fmedia&parent=3400"}],"wp:term":[{"taxonomy":"category","embeddable":true,"href":"https:\/\/lequotidien-deconstantine.dz\/index.php?rest_route=%2Fwp%2Fv2%2Fcategories&post=3400"},{"taxonomy":"post_tag","embeddable":true,"href":"https:\/\/lequotidien-deconstantine.dz\/index.php?rest_route=%2Fwp%2Fv2%2Ftags&post=3400"}],"curies":[{"name":"wp","href":"https:\/\/api.w.org\/{rel}","templated":true}]}}