{"id":3418,"date":"2025-11-27T18:13:04","date_gmt":"2025-11-27T17:13:04","guid":{"rendered":"https:\/\/lequotidien-deconstantine.dz\/?p=3418"},"modified":"2025-11-27T18:13:07","modified_gmt":"2025-11-27T17:13:07","slug":"constantine-deux-nouvelles-lignes-du-telepherique-extension-du-tramway","status":"publish","type":"post","link":"https:\/\/lequotidien-deconstantine.dz\/?p=3418","title":{"rendered":"Constantine\u00a0: Deux nouvelles lignes du t\u00e9l\u00e9ph\u00e9rique, extension du tramway \u00a0"},"content":{"rendered":"\n<p>Lors de l\u2019ouverture des travaux de la troisi\u00e8me session ordinaire de l\u2019Assembl\u00e9e populaire de wilaya (APW) de Constantine, tenue ce jeudi au si\u00e8ge de la wilaya \u00e0 Daksi-Abdesselem, le chef de l&rsquo;ex\u00e9cutif local, M. Abdelkhaleq Sayouda, a mis en exergue l&rsquo;int\u00e9r\u00eat constant port\u00e9 par le pr\u00e9sident de la R\u00e9publique, M. Abdelmadjid Tebboune, \u00e0 cette cit\u00e9 mill\u00e9naire.&nbsp;<\/p>\n\n\n\n<p>Il a annonc\u00e9 que le chef de l\u2019\u00c9tat a d\u00e9cid\u00e9 d\u2019inscrire \u00e0 l\u2019ordre du jour du prochain Conseil des ministres plusieurs projets structurants destin\u00e9s \u00e0 renforcer les infrastructures de transport de la capitale de l\u2019Est, notamment l\u2019extension ouest du tramway de Constantine ainsi que de nouveaux prolongements du t\u00e9l\u00e9ph\u00e9rique devant desservir Bekira, Sidi Mabrouk, Daksi et Sidi M\u2019Cid. Le wali a pr\u00e9cis\u00e9 que les premi\u00e8res d\u00e9marches op\u00e9rationnelles seront engag\u00e9es d\u00e8s la semaine prochaine.<\/p>\n\n\n\n<p>Avec ces annonces, Constantine s&rsquo;appr\u00eate \u00e0 entrer dans une nouvelle phase de modernisation, port\u00e9e par une volont\u00e9 politique clairement affirm\u00e9e au plus haut niveau de l\u2019\u00c9tat. La concr\u00e9tisation de ces projets devrait insuffler une dynamique de renouveau, renforcer l\u2019attractivit\u00e9 de la ville et r\u00e9pondre aux attentes d\u2019une population d\u00e9sireuse de services publics plus performants et adapt\u00e9s aux d\u00e9fis actuels.<\/p>\n\n\n\n<p>Soumeya B.M<\/p>\n","protected":false},"excerpt":{"rendered":"<p>Lors de l\u2019ouverture des travaux de la troisi\u00e8me session ordinaire de l\u2019Assembl\u00e9e populaire de wilaya (APW) de Constantine, tenue ce jeudi au si\u00e8ge de la wilaya \u00e0 Daksi-Abdesselem, le chef de l&rsquo;ex\u00e9cutif local, M. Abdelkhaleq Sayouda, a mis en exergue l&rsquo;int\u00e9r\u00eat constant port\u00e9 par le pr\u00e9sident de la R\u00e9publique, M. Abdelmadjid Tebboune, \u00e0 cette cit\u00e9 [&hellip;]<\/p>\n","protected":false},"author":3,"featured_media":3419,"comment_status":"open","ping_status":"open","sticky":false,"template":"","format":"standard","meta":{"footnotes":""},"categories":[4],"tags":[],"class_list":{"0":"post-3418","1":"post","2":"type-post","3":"status-publish","4":"format-standard","5":"has-post-thumbnail","7":"category-actuest"},"_links":{"self":[{"href":"https:\/\/lequotidien-deconstantine.dz\/index.php?rest_route=\/wp\/v2\/posts\/3418","targetHints":{"allow":["GET"]}}],"collection":[{"href":"https:\/\/lequotidien-deconstantine.dz\/index.php?rest_route=\/wp\/v2\/posts"}],"about":[{"href":"https:\/\/lequotidien-deconstantine.dz\/index.php?rest_route=\/wp\/v2\/types\/post"}],"author":[{"embeddable":true,"href":"https:\/\/lequotidien-deconstantine.dz\/index.php?rest_route=\/wp\/v2\/users\/3"}],"replies":[{"embeddable":true,"href":"https:\/\/lequotidien-deconstantine.dz\/index.php?rest_route=%2Fwp%2Fv2%2Fcomments&post=3418"}],"version-history":[{"count":1,"href":"https:\/\/lequotidien-deconstantine.dz\/index.php?rest_route=\/wp\/v2\/posts\/3418\/revisions"}],"predecessor-version":[{"id":3420,"href":"https:\/\/lequotidien-deconstantine.dz\/index.php?rest_route=\/wp\/v2\/posts\/3418\/revisions\/3420"}],"wp:featuredmedia":[{"embeddable":true,"href":"https:\/\/lequotidien-deconstantine.dz\/index.php?rest_route=\/wp\/v2\/media\/3419"}],"wp:attachment":[{"href":"https:\/\/lequotidien-deconstantine.dz\/index.php?rest_route=%2Fwp%2Fv2%2Fmedia&parent=3418"}],"wp:term":[{"taxonomy":"category","embeddable":true,"href":"https:\/\/lequotidien-deconstantine.dz\/index.php?rest_route=%2Fwp%2Fv2%2Fcategories&post=3418"},{"taxonomy":"post_tag","embeddable":true,"href":"https:\/\/lequotidien-deconstantine.dz\/index.php?rest_route=%2Fwp%2Fv2%2Ftags&post=3418"}],"curies":[{"name":"wp","href":"https:\/\/api.w.org\/{rel}","templated":true}]}}