{"id":3439,"date":"2025-12-01T07:30:00","date_gmt":"2025-12-01T06:30:00","guid":{"rendered":"https:\/\/lequotidien-deconstantine.dz\/?p=3439"},"modified":"2025-12-01T07:30:02","modified_gmt":"2025-12-01T06:30:02","slug":"alger-moteur-dune-justice-post-coloniale","status":"publish","type":"post","link":"https:\/\/lequotidien-deconstantine.dz\/?p=3439","title":{"rendered":"Alger, moteur d\u2019une justice post-coloniale"},"content":{"rendered":"\n<p>L\u2019organisation par l\u2019Alg\u00e9rie du <em>Congr\u00e8s international sur les crimes du colonialisme en Afrique<\/em> marque, selon les participants et sp\u00e9cialistes, un tournant in\u00e9dit dans la vie politique et m\u00e9morielle du continent. L\u2019initiative, pr\u00e9sent\u00e9e comme une application concr\u00e8te de l\u2019appel lanc\u00e9 par le pr\u00e9sident de la R\u00e9publique lors du sommet de l\u2019Union africaine en f\u00e9vrier 2025, vise \u00e0 inscrire la justice historique et la r\u00e9paration au c\u0153ur de l\u2019agenda des relations internationales Nord\u2013Sud.<\/p>\n\n\n\n<p>Invit\u00e9 du programme <em>\u00ab invit\u00e9 du jour \u00bb<\/em> de la premi\u00e8re cha\u00eene radiophonique, le professeur en relations internationales Idriss Atiya a qualifi\u00e9 le rendez-vous organis\u00e9 \u00e0 Alger d\u2019\u00ab \u00e9v\u00e9nement inaugural \u00bb : le premier sommet africain tenu explicitement pour d\u00e9battre et traduire en actes la n\u00e9cessit\u00e9 d\u2019un redressement des torts coloniaux. Pour Atiya, la tenue du congr\u00e8s atteste d\u2019un accroissement du \u00ab conscience collective \u00bb sur le continent, qui rejoint des mouvements similaires en Am\u00e9rique latine et en Asie.<\/p>\n\n\n\n<p><strong>Pourquoi la revendication a-t-elle mis tant de temps \u00e0 \u00e9merger ?<\/strong><\/p>\n\n\n\n<p>Interrog\u00e9 sur le relatif retard des \u00c9tats du Sud \u00e0 porter une telle exigence sur la sc\u00e8ne internationale, Atiya pointe plusieurs facteurs structurels : un d\u00e9ficit de sensibilisation historique, des fragilit\u00e9s internes, des priorit\u00e9s nationales concurrentes et h\u00e9t\u00e9rog\u00e8nes selon les pays. \u00c0 ses yeux, l\u2019Alg\u00e9rie constitue toutefois un cas \u00e0 part. H\u00e9riti\u00e8re d\u2019une guerre de lib\u00e9ration longue et traumatique, la diplomatie alg\u00e9rienne a, depuis les ann\u00e9es 1970, plaid\u00e9 pour un ordre international plus \u00e9quitable et pour la mise \u00e0 l\u2019agenda des questions m\u00e9morielles dans les rapports avec les anciennes puissances coloniales.<\/p>\n\n\n\n<p>\u00ab L\u2019Alg\u00e9rie a port\u00e9 haut le flambeau de la lutte anti-coloniale \u00bb, affirme Atiya, rappelant que Rabat (sic) \u2014 pardon, Alger \u2014 fut pionni\u00e8re dans la d\u00e9nonciation des asym\u00e9tries Nord\u2013Sud et dans la promotion d\u2019un r\u00e9\u00e9quilibrage des relations \u00e9conomiques et politiques internationales.<\/p>\n\n\n\n<p><strong>Un mouvement africain dans un mouvement mondial<\/strong><\/p>\n\n\n\n<p>Les acteurs du colloque insistent \u00e9galement sur le caract\u00e8re transnational de la demande. Selon Atiya, l\u2019Afrique n\u2019est pas isol\u00e9e : des soci\u00e9t\u00e9s latino-am\u00e9ricaines et asiatiques remettent en question leurs pass\u00e9s coloniaux et exigent reconnaissance et r\u00e9paration. Des exemples r\u00e9cents, comme les d\u00e9marches de reconnaissance par l\u2019Allemagne \u00e0 propos de ses crimes en Namibie ou les excuses officielles de l\u2019Italie pour certaines exactions en Libye, sont cit\u00e9s comme des pr\u00e9c\u00e9dents encourageants susceptibles d\u2019inspirer d\u2019autres \u00c9tats africains.<\/p>\n\n\n\n<p><strong>Vers une justice qui d\u00e9passe les fronti\u00e8res du continent<\/strong><\/p>\n\n\n\n<p>La revendication port\u00e9e aujourd\u2019hui ne se limite pas aux personnes vivant sur le sol africain. Elle englobe aussi les diasporas d\u2019origine africaine, victimes historiques \u2014 et descendants de victimes \u2014 de la traite n\u00e9gri\u00e8re, de l\u2019esclavage et des politiques discriminatoires. Le professeur Atiya rappelle que ces demandes s\u2019appuient sur des fondements juridiques \u2014 droit international et droits de l\u2019homme \u2014 et sur des donn\u00e9es tangibles : d\u00e9faillances du d\u00e9veloppement, effacement des identit\u00e9s linguistiques et religieuses, pillage des ressources, ainsi que cons\u00e9quences durables d\u2019exp\u00e9riences nucl\u00e9aires et chimiques qui continuent d\u2019impacter la sant\u00e9 et l\u2019environnement.<\/p>\n\n\n\n<p><strong>Qu\u2019entend-on par r\u00e9paration ?<\/strong><\/p>\n\n\n\n<p>Les propositions pr\u00e9sent\u00e9es \u00e0 l\u2019occasion du congr\u00e8s sont pluriformes. Elles vont de mesures \u00e9conomiques \u00e0 des gestes symboliques et institutionnels :<\/p>\n\n\n\n<ul class=\"wp-block-list\">\n<li>L\u2019effacement ou la restructuration des dettes contract\u00e9es par des \u00c9tats africains, consid\u00e9r\u00e9es comme un fardeau post-colonial ;<\/li>\n\n\n\n<li>La restitution des richesses spoli\u00e9es, dont le volume est estim\u00e9 \u2014 selon des intervenants cit\u00e9s lors des d\u00e9bats \u2014 \u00e0 plus d\u2019un billion de dollars (soit plus de 1 000 milliards de dollars) ;<\/li>\n\n\n\n<li>Le transfert technologique et le soutien aux capacit\u00e9s productives locales ;<\/li>\n\n\n\n<li>La restitution d\u2019archives, d\u2019\u0153uvres d\u2019art et d\u2019objets patrimoniaux d\u00e9plac\u00e9s pendant la p\u00e9riode coloniale ;<\/li>\n\n\n\n<li>Des investissements massifs en infrastructures et en services publics, pens\u00e9s comme partie int\u00e9grante d\u2019un r\u00e9\u00e9quilibrage structurel.<\/li>\n<\/ul>\n\n\n\n<p>Ces pistes traduisent, au-del\u00e0 de la compensation financi\u00e8re, une volont\u00e9 de transformation syst\u00e9mique du rapport Nord\u2013Sud et de d\u00e9construction des h\u00e9ritages de domination.<\/p>\n\n\n\n<p>Atiya qualifie l\u2019Alg\u00e9rie de \u00ab moteur \u00bb de cette dynamique, estimant que le pays a su capter et traduire les transformations g\u00e9opolitiques mondiales en un projet continental. En association avec des \u00c9tats \u00ab pivot \u00bb comme l\u2019Afrique du Sud, l\u2019Alg\u00e9rie travaillerait, selon lui, \u00e0 sensibiliser l\u2019opinion publique et les \u00e9lites africaines tout en consolidant des r\u00e9seaux de soutien diplomatique.<\/p>\n\n\n\n<p>Il souligne \u00e9galement le r\u00f4le des jeunes g\u00e9n\u00e9rations et des m\u00e9dias sociaux dans la diffusion acc\u00e9l\u00e9r\u00e9e d\u2019un discours critique sur l\u2019histoire coloniale, ce qui alimente une remise en question des r\u00e9cits et une exigence de responsabilit\u00e9.<\/p>\n\n\n\n<p><strong>Un signal politique face aux nouvelles formes de coercition<\/strong><\/p>\n\n\n\n<p>Organis\u00e9 dans un contexte r\u00e9gional marqu\u00e9 par des tensions (notamment des coups d\u2019\u00c9tat dans plusieurs pays du Sahel et de l\u2019Afrique de l\u2019Ouest), le congr\u00e8s intervient alors que certaines puissances \u00e9trang\u00e8res semblent op\u00e9rer des retours d\u2019influence sous d\u2019autres formes \u2014 politiques, militaires ou \u00e9conomiques. Atiya met en garde contre ces tentatives de r\u00e9invention de l\u2019h\u00e9g\u00e9monie et consid\u00e8re l\u2019initiative alg\u00e9rienne comme un message clair : la d\u00e9fense de la souverainet\u00e9 africaine et la r\u00e9sistance \u00e0 toute r\u00e9manence de l\u2019interventionnisme.<\/p>\n\n\n\n<p>Parmi les r\u00e9sultats attendus de la manifestation figure la r\u00e9daction d\u2019une \u00ab D\u00e9claration d\u2019Alger \u00bb, destin\u00e9e \u00e0 proposer la cr\u00e9ation d\u2019instances ind\u00e9pendantes au sein de l\u2019Union africaine charg\u00e9es de porter, \u00e0 l\u2019\u00e9chelle internationale, les dossiers relatifs aux crimes coloniaux. Le document, selon Atiya, devrait \u00eatre soumis pour adoption lors du sommet de l\u2019Union africaine pr\u00e9vu en f\u00e9vrier 2026, et pourrait d\u00e9boucher \u00e0 terme sur l\u2019\u00e9laboration d\u2019un projet de charte continentale traitant des droits humains, de la d\u00e9colonisation effective, de la s\u00e9curit\u00e9 et de l\u2019autonomie financi\u00e8re.<\/p>\n\n\n\n<p>Pour Idriss Atiya, nous assistons \u00e0 un moment de basculement historique : la phase de comm\u00e9moration et de rappel des crimes coloniaux c\u00e8de la place \u00e0 une phase d\u2019exigences structur\u00e9es pour la justice et la r\u00e9paration. L\u2019Alg\u00e9rie, fid\u00e8le \u00e0 son pass\u00e9 de soutien aux luttes de lib\u00e9ration, entend jouer un r\u00f4le central dans ce processus.<\/p>\n\n\n\n<p>Reste \u00e0 savoir si les propositions porteront leurs fruits sur la sc\u00e8ne internationale, et si l\u2019architecture institutionnelle envisag\u00e9e (m\u00e9canismes au sein de l\u2019Union africaine, recours juridiques, pressions diplomatiques coordonn\u00e9es) saura convertir la parole en droits concrets et en changements durables.<\/p>\n\n\n\n<p>S.B.<\/p>\n","protected":false},"excerpt":{"rendered":"<p>L\u2019organisation par l\u2019Alg\u00e9rie du Congr\u00e8s international sur les crimes du colonialisme en Afrique marque, selon les participants et sp\u00e9cialistes, un tournant in\u00e9dit dans la vie politique et m\u00e9morielle du continent. L\u2019initiative, pr\u00e9sent\u00e9e comme une application concr\u00e8te de l\u2019appel lanc\u00e9 par le pr\u00e9sident de la R\u00e9publique lors du sommet de l\u2019Union africaine en f\u00e9vrier 2025, vise [&hellip;]<\/p>\n","protected":false},"author":3,"featured_media":3440,"comment_status":"open","ping_status":"open","sticky":false,"template":"","format":"standard","meta":{"footnotes":""},"categories":[2],"tags":[],"class_list":{"0":"post-3439","1":"post","2":"type-post","3":"status-publish","4":"format-standard","5":"has-post-thumbnail","7":"category-infos"},"_links":{"self":[{"href":"https:\/\/lequotidien-deconstantine.dz\/index.php?rest_route=\/wp\/v2\/posts\/3439","targetHints":{"allow":["GET"]}}],"collection":[{"href":"https:\/\/lequotidien-deconstantine.dz\/index.php?rest_route=\/wp\/v2\/posts"}],"about":[{"href":"https:\/\/lequotidien-deconstantine.dz\/index.php?rest_route=\/wp\/v2\/types\/post"}],"author":[{"embeddable":true,"href":"https:\/\/lequotidien-deconstantine.dz\/index.php?rest_route=\/wp\/v2\/users\/3"}],"replies":[{"embeddable":true,"href":"https:\/\/lequotidien-deconstantine.dz\/index.php?rest_route=%2Fwp%2Fv2%2Fcomments&post=3439"}],"version-history":[{"count":1,"href":"https:\/\/lequotidien-deconstantine.dz\/index.php?rest_route=\/wp\/v2\/posts\/3439\/revisions"}],"predecessor-version":[{"id":3441,"href":"https:\/\/lequotidien-deconstantine.dz\/index.php?rest_route=\/wp\/v2\/posts\/3439\/revisions\/3441"}],"wp:featuredmedia":[{"embeddable":true,"href":"https:\/\/lequotidien-deconstantine.dz\/index.php?rest_route=\/wp\/v2\/media\/3440"}],"wp:attachment":[{"href":"https:\/\/lequotidien-deconstantine.dz\/index.php?rest_route=%2Fwp%2Fv2%2Fmedia&parent=3439"}],"wp:term":[{"taxonomy":"category","embeddable":true,"href":"https:\/\/lequotidien-deconstantine.dz\/index.php?rest_route=%2Fwp%2Fv2%2Fcategories&post=3439"},{"taxonomy":"post_tag","embeddable":true,"href":"https:\/\/lequotidien-deconstantine.dz\/index.php?rest_route=%2Fwp%2Fv2%2Ftags&post=3439"}],"curies":[{"name":"wp","href":"https:\/\/api.w.org\/{rel}","templated":true}]}}