{"id":3460,"date":"2025-12-02T07:51:00","date_gmt":"2025-12-02T06:51:00","guid":{"rendered":"https:\/\/lequotidien-deconstantine.dz\/?p=3460"},"modified":"2025-12-02T07:51:03","modified_gmt":"2025-12-02T06:51:03","slug":"processus-doran-la-carte-maitresse-de-lunion-africaine","status":"publish","type":"post","link":"https:\/\/lequotidien-deconstantine.dz\/?p=3460","title":{"rendered":"Processus d\u2019Oran, la carte ma\u00eetresse de l\u2019Union africaine"},"content":{"rendered":"\n<p>L\u2019Alg\u00e9rie consolide son influence strat\u00e9gique en Afrique avec l\u2019adoption formelle du Processus d\u2019Oran par les instances de l\u2019Union africaine (UA). \u00c0 l\u2019occasion de la 12? session minist\u00e9rielle de ce m\u00e9canisme de haut niveau pour la paix et la s\u00e9curit\u00e9, organis\u00e9e ce dimanche \u00e0 Alger, le professeur Mohamed Amroune, membre de la Commission des affaires \u00e9trang\u00e8res du Conseil de la Nation et membre du Parlement panafricain, a soulign\u00e9 la port\u00e9e g\u00e9opolitique majeure de cette cons\u00e9cration africaine.<\/p>\n\n\n\n<p><strong>Un instrument n\u00e9 en Alg\u00e9rie devenu plateforme continentale<\/strong><\/p>\n\n\n\n<p>Cr\u00e9\u00e9 en 2013 \u00e0 l\u2019initiative de l\u2019Alg\u00e9rie, le Processus d\u2019Oran a \u00e9volu\u00e9 en trois \u00e9tapes successives, \u00e0 savoir d\u2019un simple rendez-vous annuel, \u00e0 une plateforme permanente de dialogue africain, et avant de devenir, en 2021, une institution \u00e0 part enti\u00e8re int\u00e9gr\u00e9e aux outils de gouvernance de l\u2019Union africaine pour la pr\u00e9vention des conflits et la gestion des crises.<\/p>\n\n\n\n<p>Selon le Pr Amroune, cette reconnaissance est le r\u00e9sultat d\u2019une d\u00e9cennie de constance, de rigueur et de cr\u00e9dibilit\u00e9 diplomatique. L\u2019Alg\u00e9rie, affirme-t-il, a gagn\u00e9 la confiance des capitales africaines en parvenant \u00e0 p\u00e9renniser le m\u00e9canisme et \u00e0 en faire un espace strat\u00e9gique de concertation.<\/p>\n\n\n\n<p><strong>Unifier la voix africaine au Conseil de s\u00e9curit\u00e9<\/strong><\/p>\n\n\n\n<p>En tant que membre du Conseil de s\u00e9curit\u00e9 de l\u2019ONU au titre du continent africain et membre du groupe A3, l\u2019Alg\u00e9rie joue un r\u00f4le important dans la coordination des positions africaines.<br>Le Processus d\u2019Oran constitue, \u00e0 ce titre, un levier essentiel pour harmoniser les prises de position au sein du Conseil de s\u00e9curit\u00e9, dans un contexte mondial domin\u00e9 par les cinq membres permanents.<\/p>\n\n\n\n<p>\u00ab La mise en place d\u2019un v\u00e9ritable bloc africain au sein du Conseil de s\u00e9curit\u00e9 permet aujourd\u2019hui au continent de d\u00e9fendre ses int\u00e9r\u00eats, m\u00eame de mani\u00e8re limit\u00e9e, et de se faire entendre dans l\u2019enceinte onusienne \u00bb, explique Amroune.<\/p>\n\n\n\n<p><strong>Une Afrique fragilis\u00e9e par les crises politiques et s\u00e9curitaires<\/strong><\/p>\n\n\n\n<p>Le Pr Amroune dresse cependant un constat pr\u00e9occupant : la situation g\u00e9n\u00e9rale en Afrique demeure instable, marqu\u00e9e par la multiplication des coups d\u2019\u00c9tat, qui ont touch\u00e9 huit pays, la d\u00e9l\u00e9gitimation croissante des processus \u00e9lectoraux, per\u00e7us dans certains \u00c9tats comme un facteur de tensions plut\u00f4t qu\u2019un symbole d\u00e9mocratique, la persistance de crises politiques, comme l\u2019a illustr\u00e9 r\u00e9cemment le cas de Guin\u00e9e-Bissau, et la comp\u00e9tition accrue entre grandes puissances pour l\u2019acc\u00e8s aux ressources et aux zones d\u2019influence africaines.<\/p>\n\n\n\n<p>Apr\u00e8s s\u2019\u00eatre affranchie du colonialisme \u2014 \u00e0 l\u2019exception du dossier toujours ouvert du Sahara occidental \u2014, la r\u00e9gion se retrouve face \u00e0 une nouvelle bataille : celle de ne pas devenir un terrain de rivalit\u00e9s internationales incontr\u00f4l\u00e9es. \u00ab La question est de savoir si les Africains pourront transformer ces rivalit\u00e9s en opportunit\u00e9 de d\u00e9veloppement durable \u00bb, s\u2019interroge-t-il.<\/p>\n\n\n\n<p><strong>L\u2019Alg\u00e9rie, \u201clocomotive et espoir\u201d de la construction africaine<\/strong><\/p>\n\n\n\n<p>Pour Amroune, l\u2019Alg\u00e9rie est depuis longtemps l\u2019un des piliers du consensus africain. Son engagement, constant depuis l\u2019ind\u00e9pendance, en fait un acteur incontournable des dynamiques r\u00e9gionales.<br>Gr\u00e2ce \u00e0 des initiatives cl\u00e9s \u2014 telles que le Processus d\u2019Oran, le NEPAD, l&rsquo;Agenda 2063 ou encore la strat\u00e9gie \u201cFaire taire les armes\u201d \u2014 l\u2019Alg\u00e9rie s\u2019affirme comme un pays capable de f\u00e9d\u00e9rer et d\u2019impulser des solutions africaines \u00e0 des probl\u00e8mes africains.<\/p>\n\n\n\n<p>Fid\u00e8le \u00e0 son principe de refus des ing\u00e9rences \u00e9trang\u00e8res, elle milite pour le renforcement des capacit\u00e9s internes de m\u00e9diation et pour une mise en \u0153uvre plus rigoureuse des d\u00e9cisions adopt\u00e9es par les organes continentaux.<\/p>\n\n\n\n<p><strong>R\u00e9former l\u2019Union africaine : le d\u00e9fi de l\u2019efficacit\u00e9<\/strong><\/p>\n\n\n\n<p>Selon Amroune, le v\u00e9ritable probl\u00e8me de l\u2019Afrique n\u2019est ni l\u2019absence d\u2019id\u00e9es ni le manque d\u2019institutions. C\u2019est \u00ab le d\u00e9ficit d\u2019ex\u00e9cution \u00bb qui freine l\u2019action collective.<br>Il plaide ainsi pour une r\u00e9volution dans l\u2019engagement des \u00c9tats membres, le renforcement des m\u00e9canismes d\u2019alerte pr\u00e9coce, une lutte plus efficace contre le terrorisme et l\u2019extr\u00e9misme, et une meilleure priorisation des enjeux de financement et de d\u00e9veloppement.<\/p>\n\n\n\n<p>S.B.<\/p>\n","protected":false},"excerpt":{"rendered":"<p>L\u2019Alg\u00e9rie consolide son influence strat\u00e9gique en Afrique avec l\u2019adoption formelle du Processus d\u2019Oran par les instances de l\u2019Union africaine (UA). \u00c0 l\u2019occasion de la 12? session minist\u00e9rielle de ce m\u00e9canisme de haut niveau pour la paix et la s\u00e9curit\u00e9, organis\u00e9e ce dimanche \u00e0 Alger, le professeur Mohamed Amroune, membre de la Commission des affaires \u00e9trang\u00e8res [&hellip;]<\/p>\n","protected":false},"author":3,"featured_media":3461,"comment_status":"open","ping_status":"open","sticky":false,"template":"","format":"standard","meta":{"footnotes":""},"categories":[2],"tags":[],"class_list":{"0":"post-3460","1":"post","2":"type-post","3":"status-publish","4":"format-standard","5":"has-post-thumbnail","7":"category-infos"},"_links":{"self":[{"href":"https:\/\/lequotidien-deconstantine.dz\/index.php?rest_route=\/wp\/v2\/posts\/3460","targetHints":{"allow":["GET"]}}],"collection":[{"href":"https:\/\/lequotidien-deconstantine.dz\/index.php?rest_route=\/wp\/v2\/posts"}],"about":[{"href":"https:\/\/lequotidien-deconstantine.dz\/index.php?rest_route=\/wp\/v2\/types\/post"}],"author":[{"embeddable":true,"href":"https:\/\/lequotidien-deconstantine.dz\/index.php?rest_route=\/wp\/v2\/users\/3"}],"replies":[{"embeddable":true,"href":"https:\/\/lequotidien-deconstantine.dz\/index.php?rest_route=%2Fwp%2Fv2%2Fcomments&post=3460"}],"version-history":[{"count":1,"href":"https:\/\/lequotidien-deconstantine.dz\/index.php?rest_route=\/wp\/v2\/posts\/3460\/revisions"}],"predecessor-version":[{"id":3462,"href":"https:\/\/lequotidien-deconstantine.dz\/index.php?rest_route=\/wp\/v2\/posts\/3460\/revisions\/3462"}],"wp:featuredmedia":[{"embeddable":true,"href":"https:\/\/lequotidien-deconstantine.dz\/index.php?rest_route=\/wp\/v2\/media\/3461"}],"wp:attachment":[{"href":"https:\/\/lequotidien-deconstantine.dz\/index.php?rest_route=%2Fwp%2Fv2%2Fmedia&parent=3460"}],"wp:term":[{"taxonomy":"category","embeddable":true,"href":"https:\/\/lequotidien-deconstantine.dz\/index.php?rest_route=%2Fwp%2Fv2%2Fcategories&post=3460"},{"taxonomy":"post_tag","embeddable":true,"href":"https:\/\/lequotidien-deconstantine.dz\/index.php?rest_route=%2Fwp%2Fv2%2Ftags&post=3460"}],"curies":[{"name":"wp","href":"https:\/\/api.w.org\/{rel}","templated":true}]}}