{"id":3472,"date":"2025-12-03T08:20:35","date_gmt":"2025-12-03T07:20:35","guid":{"rendered":"https:\/\/lequotidien-deconstantine.dz\/?p=3472"},"modified":"2025-12-03T08:20:38","modified_gmt":"2025-12-03T07:20:38","slug":"processus-doran-lafrique-parle-dune-seule-voix","status":"publish","type":"post","link":"https:\/\/lequotidien-deconstantine.dz\/?p=3472","title":{"rendered":"Processus d\u2019Oran\u00a0: \u00a0L\u2019Afrique parle d\u2019une seule voix"},"content":{"rendered":"\n<p>Le 12? s\u00e9minaire de haut niveau sur la paix et la s\u00e9curit\u00e9 en Afrique, consacr\u00e9 au Processus d\u2019Oran, s\u2019est cl\u00f4tur\u00e9 mardi \u00e0 Alger sur un appel fort \u00e0 une unit\u00e9 strat\u00e9gique continentale, dans un contexte jug\u00e9 critique par les participants.<\/p>\n\n\n\n<p><strong>Transformer les engagements en actes<\/strong><\/p>\n\n\n\n<p>Le ministre alg\u00e9rien des Affaires \u00e9trang\u00e8res, Ahmed Attaf, aux c\u00f4t\u00e9s du pr\u00e9sident du Conseil de paix et de s\u00e9curit\u00e9 de l\u2019Union africaine (CPS) pour d\u00e9cembre 2025, Kacou Houadja L\u00e9on Adom, a insist\u00e9 sur la n\u00e9cessit\u00e9 de convertir les engagements politiques en actions coordonn\u00e9es.<\/p>\n\n\n\n<p>Attaf a salu\u00e9 une participation qualifi\u00e9e de \u00ab remarquable \u00bb, marqu\u00e9e pour la premi\u00e8re fois par la pr\u00e9sence de pays nouvellement \u00e9lus au Conseil de s\u00e9curit\u00e9, tels que le Bahre\u00efn et la Colombie.<br>Pour lui, le nombre et le niveau des d\u00e9l\u00e9gations t\u00e9moignent de l\u2019envergure croissante du Processus d\u2019Oran, d\u00e9sormais \u00ab r\u00e9f\u00e9rence majeure de la diplomatie africaine \u00bb.<\/p>\n\n\n\n<p>L\u2019objectif : unifier la voix de l\u2019Afrique au Conseil de s\u00e9curit\u00e9 de l\u2019ONU et renforcer son poids sur la sc\u00e8ne multilat\u00e9rale.<\/p>\n\n\n\n<p><strong>Trois menaces majeures au c\u0153ur des d\u00e9bats<\/strong><\/p>\n\n\n\n<p>Attaf a dress\u00e9 un tableau sans ambigu\u00eft\u00e9 des d\u00e9fis actuels, articul\u00e9 autour d\u2019une \u201ctriade de menaces\u201d : la multiplication des changements anticonstitutionnels, banalis\u00e9s au point d\u2019avoir conduit l\u2019Union africaine \u00e0 suspendre deux \u00c9tats membres en seulement 42 jours ; le terrorisme, qualifi\u00e9 de principale menace dans le Sahel, o\u00f9 des groupes arm\u00e9s contr\u00f4lent des territoires entiers ; et les ing\u00e9rences \u00e9trang\u00e8res, qui influencent nombre de crises africaines au d\u00e9triment de la souverainet\u00e9.<\/p>\n\n\n\n<p>Face \u00e0 ces d\u00e9rives, il a plaid\u00e9 pour un retour au principe des <strong>\u201csolutions africaines aux probl\u00e8mes africains\u201d<\/strong>, d\u00e9sormais pr\u00e9sent\u00e9 comme un <strong>choix strat\u00e9gique essentiel<\/strong>, afin de prot\u00e9ger le continent des rivalit\u00e9s internationales.<\/p>\n\n\n\n<p><strong>Renforcer le r\u00f4le du CPS et du groupe A3+<\/strong><\/p>\n\n\n\n<p>Le chef de la diplomatie alg\u00e9rienne a soulign\u00e9 l\u2019importance d\u2019une <strong>compl\u00e9mentarit\u00e9 accrue<\/strong> entre le Conseil de paix et de s\u00e9curit\u00e9 et le groupe A3+ (les membres africains du Conseil de s\u00e9curit\u00e9).<\/p>\n\n\n\n<p>Selon lui, l\u2019unit\u00e9 au sein du CPS nourrit l\u2019unit\u00e9 du groupe A3+, et c\u2019est cette convergence qui donne \u00e0 la voix africaine force, constance et cr\u00e9dibilit\u00e9.<\/p>\n\n\n\n<p>Attaf a salu\u00e9 la coop\u00e9ration exemplaire de la Somalie, la Sierra Leone, le Mozambique ainsi que du Guyana, qui a contribu\u00e9 \u00e0 amplifier le message africain.<\/p>\n\n\n\n<p>Cit\u00e9e pour conclure, la phrase de Julius Nyerere r\u00e9sume l\u2019esprit du s\u00e9minaire :<br>\u00ab L\u2019unit\u00e9 ne fera peut-\u00eatre pas de nous des peuples riches, mais elle rendra plus difficile \u00e0 quiconque de nous ignorer. \u00bb<\/p>\n\n\n\n<p><strong>Apparition de nouvelles menaces : l\u2019avertissement du CPS<\/strong><\/p>\n\n\n\n<p>Pour sa part, le ministre ivoirien Kacou Houadja L\u00e9on Adom a insist\u00e9 sur la qualit\u00e9 exceptionnelle des \u00e9changes et sur le r\u00f4le structurant du Processus d\u2019Oran.<\/p>\n\n\n\n<p>Il a dress\u00e9 un panorama actualis\u00e9 des risques, \u00e0 savoir terrorisme, r\u00e9bellions arm\u00e9es, changements anticonstitutionnels, crise humanitaire, impacts du climat, ing\u00e9rences \u00e9trang\u00e8res, et de nouvelles menaces technologiques (IA, drones, robotisation, modernisation des armements).<\/p>\n\n\n\n<p>Ces innovations, selon lui, \u00ab <strong>complexifient les th\u00e9\u00e2tres d\u2019op\u00e9rations<\/strong> \u00bb et appellent des r\u00e9ponses adapt\u00e9es.<\/p>\n\n\n\n<p><strong>Le d\u00e9fi du financement : priorit\u00e9 \u00e0 l\u2019autonomie strat\u00e9gique<\/strong><\/p>\n\n\n\n<p>Le pr\u00e9sident du CPS a soulign\u00e9 l\u2019urgence d\u2019un financement africain pr\u00e9visible et ind\u00e9pendant des op\u00e9rations de paix.<\/p>\n\n\n\n<p>La d\u00e9pendance aux partenaires ext\u00e9rieurs \u00ab r\u00e9duit l\u2019autonomie strat\u00e9gique \u00bb et limite l\u2019efficacit\u00e9 des interventions.<br>Il plaide pour des solutions endog\u00e8nes, durables et r\u00e9alistes, fond\u00e9es sur la responsabilit\u00e9 collective.<\/p>\n\n\n\n<p><strong>Un consensus : tirer parti des m\u00e9canismes africains<\/strong><\/p>\n\n\n\n<p>Apr\u00e8s deux jours de travaux, les participants ont converg\u00e9 vers une conclusion centrale :<br>les instruments de l\u2019Union africaine, combin\u00e9s \u00e0 l\u2019action des communaut\u00e9s \u00e9conomiques r\u00e9gionales, constituent les outils les plus efficaces pour pr\u00e9venir les crises et accompagner les processus de stabilisation.<\/p>\n\n\n\n<p>Reste d\u00e9sormais \u00e0 traduire ces orientations en initiatives concr\u00e8tes, afin que le Processus d\u2019Oran continue de se positionner comme un acteur majeur de la voix africaine dans les d\u00e9bats mondiaux sur la paix et la s\u00e9curit\u00e9.<\/p>\n\n\n\n<p><strong>S.B.<\/strong><\/p>\n","protected":false},"excerpt":{"rendered":"<p>Le 12? s\u00e9minaire de haut niveau sur la paix et la s\u00e9curit\u00e9 en Afrique, consacr\u00e9 au Processus d\u2019Oran, s\u2019est cl\u00f4tur\u00e9 mardi \u00e0 Alger sur un appel fort \u00e0 une unit\u00e9 strat\u00e9gique continentale, dans un contexte jug\u00e9 critique par les participants. Transformer les engagements en actes Le ministre alg\u00e9rien des Affaires \u00e9trang\u00e8res, Ahmed Attaf, aux c\u00f4t\u00e9s [&hellip;]<\/p>\n","protected":false},"author":3,"featured_media":3473,"comment_status":"open","ping_status":"open","sticky":false,"template":"","format":"standard","meta":{"footnotes":""},"categories":[2],"tags":[],"class_list":{"0":"post-3472","1":"post","2":"type-post","3":"status-publish","4":"format-standard","5":"has-post-thumbnail","7":"category-infos"},"_links":{"self":[{"href":"https:\/\/lequotidien-deconstantine.dz\/index.php?rest_route=\/wp\/v2\/posts\/3472","targetHints":{"allow":["GET"]}}],"collection":[{"href":"https:\/\/lequotidien-deconstantine.dz\/index.php?rest_route=\/wp\/v2\/posts"}],"about":[{"href":"https:\/\/lequotidien-deconstantine.dz\/index.php?rest_route=\/wp\/v2\/types\/post"}],"author":[{"embeddable":true,"href":"https:\/\/lequotidien-deconstantine.dz\/index.php?rest_route=\/wp\/v2\/users\/3"}],"replies":[{"embeddable":true,"href":"https:\/\/lequotidien-deconstantine.dz\/index.php?rest_route=%2Fwp%2Fv2%2Fcomments&post=3472"}],"version-history":[{"count":1,"href":"https:\/\/lequotidien-deconstantine.dz\/index.php?rest_route=\/wp\/v2\/posts\/3472\/revisions"}],"predecessor-version":[{"id":3474,"href":"https:\/\/lequotidien-deconstantine.dz\/index.php?rest_route=\/wp\/v2\/posts\/3472\/revisions\/3474"}],"wp:featuredmedia":[{"embeddable":true,"href":"https:\/\/lequotidien-deconstantine.dz\/index.php?rest_route=\/wp\/v2\/media\/3473"}],"wp:attachment":[{"href":"https:\/\/lequotidien-deconstantine.dz\/index.php?rest_route=%2Fwp%2Fv2%2Fmedia&parent=3472"}],"wp:term":[{"taxonomy":"category","embeddable":true,"href":"https:\/\/lequotidien-deconstantine.dz\/index.php?rest_route=%2Fwp%2Fv2%2Fcategories&post=3472"},{"taxonomy":"post_tag","embeddable":true,"href":"https:\/\/lequotidien-deconstantine.dz\/index.php?rest_route=%2Fwp%2Fv2%2Ftags&post=3472"}],"curies":[{"name":"wp","href":"https:\/\/api.w.org\/{rel}","templated":true}]}}