{"id":3487,"date":"2025-12-04T07:27:14","date_gmt":"2025-12-04T06:27:14","guid":{"rendered":"https:\/\/lequotidien-deconstantine.dz\/?p=3487"},"modified":"2025-12-04T07:27:17","modified_gmt":"2025-12-04T06:27:17","slug":"timimoun-accueille-le-7%e1%b5%89-rendez-vous-du-tourisme-saharien","status":"publish","type":"post","link":"https:\/\/lequotidien-deconstantine.dz\/?p=3487","title":{"rendered":"Timimoun accueille le 7? rendez-vous du tourisme saharien"},"content":{"rendered":"\n<p>La wilaya de Timimoun accueillera, aujourd\u2019hui jeudi 4 d\u00e9cembre, la 7? \u00e9dition du Festival international du tourisme saharien, un \u00e9v\u00e9nement pr\u00e9sent\u00e9 comme un rendez-vous strat\u00e9gique pour renforcer l\u2019attractivit\u00e9 de la destination Alg\u00e9rie. Pour Abdelhamid Ouari, directeur g\u00e9n\u00e9ral de l\u2019Office national du tourisme (ONT), ce festival d\u00e9passe la simple mise en lumi\u00e8re du d\u00e9sert alg\u00e9rien : il vise \u00e0 inscrire une dynamique durable au b\u00e9n\u00e9fice des populations locales.<\/p>\n\n\n\n<p>Invit\u00e9 de l\u2019\u00e9mission <em>L\u2019invit\u00e9 du jour<\/em> sur la Radio Cha\u00eene 3, Ouari a annonc\u00e9 la participation de plus de 800 acteurs et professionnels du tourisme, issus des wilayas du Grand Sud et des Hauts-Plateaux. Plac\u00e9e sous le slogan \u00ab Timimoun\u2026 authenticit\u00e9 et hospitalit\u00e9 \u00bb, cette \u00e9dition entend faire de la ville aux \u00ab Palais rouges \u00bb une vitrine vivante du potentiel exceptionnel du Sahara alg\u00e9rien.<\/p>\n\n\n\n<p><strong>Timimoun, vitrine du tourisme saharien<\/strong><\/p>\n\n\n\n<p>Le choix de Timimoun s\u2019impose, selon le DG de l\u2019ONT, comme une \u00e9vidence : diversit\u00e9 culturelle remarquable, oasis pr\u00e9serv\u00e9es, artisanat authentique, profondeur historique et civilisationnelle\u2026 autant d\u2019atouts qui permettent \u00e0 la r\u00e9gion d\u2019attirer aussi bien les touristes nationaux qu\u2019\u00e9trangers.<\/p>\n\n\n\n<p><strong>Un programme dense, culturel et professionnel<\/strong><\/p>\n\n\n\n<p>Le festival s\u2019articule autour d\u2019un programme riche et vari\u00e9 notamment des journ\u00e9es d\u2019\u00e9tude anim\u00e9es par des experts nationaux et internationaux ; des activit\u00e9s culturelles et artistiques, dont fantasia, spectacles folkloriques et chants Ahellil class\u00e9s au patrimoine immat\u00e9riel ; et des espaces r\u00e9serv\u00e9s aux artisans, destin\u00e9s \u00e0 promouvoir et commercialiser les produits locaux.<\/p>\n\n\n\n<p>Cette programmation, souligne Ouari, permettra non seulement de valoriser les richesses culturelles du Sud, mais aussi de soutenir l\u2019\u00e9conomie de proximit\u00e9.<\/p>\n\n\n\n<p><strong>Le tourisme saharien au c\u0153ur de la vision \u00e9conomique<\/strong><\/p>\n\n\n\n<p>Selon le responsable de l\u2019ONT, l\u2019implication directe de l\u2019\u00c9tat \u2014 mat\u00e9rialis\u00e9e par le haut patronage du Premier ministre \u2014 refl\u00e8te la volont\u00e9 des pouvoirs publics de repenser la strat\u00e9gie touristique nationale.<br>Cette orientation se traduit par le renforcement des infrastructures dans les r\u00e9gions sahariennes ; l\u2019am\u00e9lioration de la qualit\u00e9 des services touristiques, l\u2019encouragement de l\u2019investissement ; et l\u2019ouverture de nouvelles perspectives de coop\u00e9ration internationale.<\/p>\n\n\n\n<p><strong>Un mod\u00e8le durable plut\u00f4t qu\u2019un tourisme de masse<\/strong><\/p>\n\n\n\n<p>Tout en soulignant le r\u00f4le du tourisme comme levier de diversification \u00e9conomique, Ouari pr\u00e9cise que l\u2019Alg\u00e9rie n\u2019ambitionne pas d\u2019attirer un tourisme de masse. Le pays privil\u00e9gie un mod\u00e8le responsable, ma\u00eetris\u00e9 et durable, adapt\u00e9 aux \u00e9cosyst\u00e8mes fragiles du Sahara et respectueux des identit\u00e9s locales.<\/p>\n\n\n\n<p>S.B.<\/p>\n","protected":false},"excerpt":{"rendered":"<p>La wilaya de Timimoun accueillera, aujourd\u2019hui jeudi 4 d\u00e9cembre, la 7? \u00e9dition du Festival international du tourisme saharien, un \u00e9v\u00e9nement pr\u00e9sent\u00e9 comme un rendez-vous strat\u00e9gique pour renforcer l\u2019attractivit\u00e9 de la destination Alg\u00e9rie. Pour Abdelhamid Ouari, directeur g\u00e9n\u00e9ral de l\u2019Office national du tourisme (ONT), ce festival d\u00e9passe la simple mise en lumi\u00e8re du d\u00e9sert alg\u00e9rien : [&hellip;]<\/p>\n","protected":false},"author":3,"featured_media":3488,"comment_status":"open","ping_status":"open","sticky":false,"template":"","format":"standard","meta":{"footnotes":""},"categories":[5],"tags":[],"class_list":{"0":"post-3487","1":"post","2":"type-post","3":"status-publish","4":"format-standard","5":"has-post-thumbnail","7":"category-culture"},"_links":{"self":[{"href":"https:\/\/lequotidien-deconstantine.dz\/index.php?rest_route=\/wp\/v2\/posts\/3487","targetHints":{"allow":["GET"]}}],"collection":[{"href":"https:\/\/lequotidien-deconstantine.dz\/index.php?rest_route=\/wp\/v2\/posts"}],"about":[{"href":"https:\/\/lequotidien-deconstantine.dz\/index.php?rest_route=\/wp\/v2\/types\/post"}],"author":[{"embeddable":true,"href":"https:\/\/lequotidien-deconstantine.dz\/index.php?rest_route=\/wp\/v2\/users\/3"}],"replies":[{"embeddable":true,"href":"https:\/\/lequotidien-deconstantine.dz\/index.php?rest_route=%2Fwp%2Fv2%2Fcomments&post=3487"}],"version-history":[{"count":1,"href":"https:\/\/lequotidien-deconstantine.dz\/index.php?rest_route=\/wp\/v2\/posts\/3487\/revisions"}],"predecessor-version":[{"id":3489,"href":"https:\/\/lequotidien-deconstantine.dz\/index.php?rest_route=\/wp\/v2\/posts\/3487\/revisions\/3489"}],"wp:featuredmedia":[{"embeddable":true,"href":"https:\/\/lequotidien-deconstantine.dz\/index.php?rest_route=\/wp\/v2\/media\/3488"}],"wp:attachment":[{"href":"https:\/\/lequotidien-deconstantine.dz\/index.php?rest_route=%2Fwp%2Fv2%2Fmedia&parent=3487"}],"wp:term":[{"taxonomy":"category","embeddable":true,"href":"https:\/\/lequotidien-deconstantine.dz\/index.php?rest_route=%2Fwp%2Fv2%2Fcategories&post=3487"},{"taxonomy":"post_tag","embeddable":true,"href":"https:\/\/lequotidien-deconstantine.dz\/index.php?rest_route=%2Fwp%2Fv2%2Ftags&post=3487"}],"curies":[{"name":"wp","href":"https:\/\/api.w.org\/{rel}","templated":true}]}}