{"id":3493,"date":"2025-12-04T07:30:03","date_gmt":"2025-12-04T06:30:03","guid":{"rendered":"https:\/\/lequotidien-deconstantine.dz\/?p=3493"},"modified":"2025-12-04T07:30:05","modified_gmt":"2025-12-04T06:30:05","slug":"telecoms-la-5g-officiellement-lancee","status":"publish","type":"post","link":"https:\/\/lequotidien-deconstantine.dz\/?p=3493","title":{"rendered":"T\u00e9l\u00e9coms\u00a0: La 5G officiellement lanc\u00e9e"},"content":{"rendered":"\n<p>Pr\u00e8s de douze ans apr\u00e8s le lancement de la 3G, l\u2019Alg\u00e9rie entre officiellement dans l\u2019\u00e8re de la 5G, marquant un tournant d\u00e9cisif pour le secteur des t\u00e9l\u00e9communications et la modernisation de l\u2019\u00e9conomie num\u00e9rique. Le lancement officiel des services de cette nouvelle g\u00e9n\u00e9ration de t\u00e9l\u00e9phonie mobile a \u00e9t\u00e9 effectu\u00e9 ce mercredi 3 d\u00e9cembre, \u00e0 Alger, lors d\u2019une c\u00e9r\u00e9monie au Centre international de conf\u00e9rences (CIC), en pr\u00e9sence du ministre de la Poste et des T\u00e9l\u00e9communications, Sidi Ali Zerrouki, ainsi que des repr\u00e9sentants des trois principaux op\u00e9rateurs nationaux : Mobilis, Djezzy et Ooredoo.<\/p>\n\n\n\n<p><strong>Des licences accord\u00e9es pour un investissement strat\u00e9gique<\/strong><\/p>\n\n\n\n<p>Le 20 novembre dernier, l\u2019\u00c9tat alg\u00e9rien a d\u00e9livr\u00e9 les licences d\u2019\u00e9tablissement et d\u2019exploitation des r\u00e9seaux 5G aux trois op\u00e9rateurs pour un montant global avoisinant les 500 millions de dollars. Cette \u00e9tape officielle vient cl\u00f4turer le processus r\u00e9glementaire et l\u00e9gal, avec la publication des d\u00e9crets ex\u00e9cutifs n\u00e9cessaires \u00e0 l\u2019entr\u00e9e en service de la 5G sur le territoire national. Les op\u00e9rateurs sont d\u00e9sormais autoris\u00e9s \u00e0 d\u00e9ployer leurs infrastructures et \u00e0 proposer leurs services \u00e0 la population et aux entreprises, dans le cadre d\u2019un plan national de couverture progressive et \u00e9quilibr\u00e9e.<\/p>\n\n\n\n<p><strong>Une modernisation graduelle sur l\u2019ensemble du territoire<\/strong><\/p>\n\n\n\n<p>Le minist\u00e8re de la Poste et des T\u00e9l\u00e9communications souligne que la 5G sera d\u00e9ploy\u00e9e progressivement sur une p\u00e9riode de six ans, en commen\u00e7ant par les wilayas prioritaires, avant d\u2019assurer une couverture nationale compl\u00e8te. Ce d\u00e9ploiement s\u2019inscrit dans une strat\u00e9gie visant \u00e0 moderniser les infrastructures de t\u00e9l\u00e9communications, \u00e0 garantir la qualit\u00e9 des services num\u00e9riques et \u00e0 positionner l\u2019Alg\u00e9rie comme un acteur r\u00e9gional et continental de r\u00e9f\u00e9rence dans le domaine des technologies de communication de nouvelle g\u00e9n\u00e9ration.<\/p>\n\n\n\n<p><strong>Une \u00e9tape d\u00e9cisive pour l\u2019\u00e9conomie et l\u2019innovation<\/strong><\/p>\n\n\n\n<p>Selon Sidi Ali Zerrouki, le lancement officiel de la 5G constitue une \u00ab \u00e9tape d\u00e9cisive \u00bb dans le processus de transformation technologique de l\u2019Alg\u00e9rie. Cette initiative permettra aux citoyens et aux institutions de b\u00e9n\u00e9ficier de services de communication modernes, rapides et conformes aux standards internationaux, tout en ouvrant la voie \u00e0 de nouvelles opportunit\u00e9s \u00e9conomiques et technologiques.<\/p>\n\n\n\n<p>Le ministre a rappel\u00e9 que l\u2019introduction de la 5G s\u2019inscrit dans une politique nationale de transformation num\u00e9rique, qui vise \u00e0 d\u00e9velopper l\u2019\u00e9conomie fond\u00e9e sur l\u2019innovation et \u00e0 renforcer la comp\u00e9titivit\u00e9 de l\u2019Alg\u00e9rie sur les plans r\u00e9gional et continental. Les secteurs \u00e9conomiques, les entreprises et les startups pourront tirer profit de r\u00e9seaux \u00e0 haut d\u00e9bit, \u00e0 faible latence et \u00e0 forte capacit\u00e9, propices \u00e0 la digitalisation des services, \u00e0 l\u2019essor de l\u2019Internet des objets (IoT), des smart cities et des technologies \u00e9mergentes.<\/p>\n\n\n\n<p><strong>Un engagement pour l\u2019avenir num\u00e9rique de l\u2019Alg\u00e9rie<\/strong><\/p>\n\n\n\n<p>Le lancement officiel de la 5G confirme \u00e9galement la volont\u00e9 de l\u2019\u00c9tat de mettre en place une infrastructure de communication moderne et performante, essentielle pour soutenir le d\u00e9veloppement de l\u2019\u00e9conomie num\u00e9rique et favoriser l\u2019\u00e9mergence d\u2019un \u00e9cosyst\u00e8me technologique int\u00e9gr\u00e9. Cette initiative marque ainsi un nouveau chapitre dans l\u2019histoire des t\u00e9l\u00e9communications en Alg\u00e9rie, plus de dix ans apr\u00e8s l\u2019arriv\u00e9e de la 3G, et pr\u00e9pare le terrain pour une connectivit\u00e9 avanc\u00e9e et durable, au service des citoyens, des entreprises et des institutions publiques.<\/p>\n\n\n\n<p>L.R.<\/p>\n","protected":false},"excerpt":{"rendered":"<p>Pr\u00e8s de douze ans apr\u00e8s le lancement de la 3G, l\u2019Alg\u00e9rie entre officiellement dans l\u2019\u00e8re de la 5G, marquant un tournant d\u00e9cisif pour le secteur des t\u00e9l\u00e9communications et la modernisation de l\u2019\u00e9conomie num\u00e9rique. Le lancement officiel des services de cette nouvelle g\u00e9n\u00e9ration de t\u00e9l\u00e9phonie mobile a \u00e9t\u00e9 effectu\u00e9 ce mercredi 3 d\u00e9cembre, \u00e0 Alger, lors [&hellip;]<\/p>\n","protected":false},"author":3,"featured_media":3235,"comment_status":"open","ping_status":"open","sticky":false,"template":"","format":"standard","meta":{"footnotes":""},"categories":[8],"tags":[],"class_list":{"0":"post-3493","1":"post","2":"type-post","3":"status-publish","4":"format-standard","5":"has-post-thumbnail","7":"category-economie"},"_links":{"self":[{"href":"https:\/\/lequotidien-deconstantine.dz\/index.php?rest_route=\/wp\/v2\/posts\/3493","targetHints":{"allow":["GET"]}}],"collection":[{"href":"https:\/\/lequotidien-deconstantine.dz\/index.php?rest_route=\/wp\/v2\/posts"}],"about":[{"href":"https:\/\/lequotidien-deconstantine.dz\/index.php?rest_route=\/wp\/v2\/types\/post"}],"author":[{"embeddable":true,"href":"https:\/\/lequotidien-deconstantine.dz\/index.php?rest_route=\/wp\/v2\/users\/3"}],"replies":[{"embeddable":true,"href":"https:\/\/lequotidien-deconstantine.dz\/index.php?rest_route=%2Fwp%2Fv2%2Fcomments&post=3493"}],"version-history":[{"count":1,"href":"https:\/\/lequotidien-deconstantine.dz\/index.php?rest_route=\/wp\/v2\/posts\/3493\/revisions"}],"predecessor-version":[{"id":3494,"href":"https:\/\/lequotidien-deconstantine.dz\/index.php?rest_route=\/wp\/v2\/posts\/3493\/revisions\/3494"}],"wp:featuredmedia":[{"embeddable":true,"href":"https:\/\/lequotidien-deconstantine.dz\/index.php?rest_route=\/wp\/v2\/media\/3235"}],"wp:attachment":[{"href":"https:\/\/lequotidien-deconstantine.dz\/index.php?rest_route=%2Fwp%2Fv2%2Fmedia&parent=3493"}],"wp:term":[{"taxonomy":"category","embeddable":true,"href":"https:\/\/lequotidien-deconstantine.dz\/index.php?rest_route=%2Fwp%2Fv2%2Fcategories&post=3493"},{"taxonomy":"post_tag","embeddable":true,"href":"https:\/\/lequotidien-deconstantine.dz\/index.php?rest_route=%2Fwp%2Fv2%2Ftags&post=3493"}],"curies":[{"name":"wp","href":"https:\/\/api.w.org\/{rel}","templated":true}]}}