{"id":3546,"date":"2025-12-09T07:35:36","date_gmt":"2025-12-09T06:35:36","guid":{"rendered":"https:\/\/lequotidien-deconstantine.dz\/?p=3546"},"modified":"2025-12-09T07:35:38","modified_gmt":"2025-12-09T06:35:38","slug":"cinema-algerien-lemir-abdelkader-en-tete-daffiche","status":"publish","type":"post","link":"https:\/\/lequotidien-deconstantine.dz\/?p=3546","title":{"rendered":"Cin\u00e9ma alg\u00e9rien\u00a0: L\u2019\u00c9mir Abdelkader en t\u00eate d\u2019affiche"},"content":{"rendered":"\n<p>Le Pr\u00e9sident de la R\u00e9publique, M. Abdelmadjid Tebboune, a pr\u00e9sid\u00e9 ce lundi une r\u00e9union consacr\u00e9e au projet du film sur l\u2019\u00c9mir Abdelkader en particulier, et au redressement du secteur de l\u2019industrie cin\u00e9matographique en Alg\u00e9rie en g\u00e9n\u00e9ral, a indiqu\u00e9 la pr\u00e9sidence de la R\u00e9publique dans un communiqu\u00e9.&nbsp;<\/p>\n\n\n\n<p>Ont assist\u00e9 \u00e0 la rencontre M. Boualem Boualem, Directeur du Cabinet de la Pr\u00e9sidence de la R\u00e9publique, M. Kamel Sidi Sa\u00efd, conseiller aupr\u00e8s du Pr\u00e9sident de la R\u00e9publique charg\u00e9 de la Direction G\u00e9n\u00e9rale de la Communication, Mme Malika Bendouda, ministre de la Culture et des Arts, M. Faysal M\u00e9taoui, charg\u00e9 de mission \u00e0 la Pr\u00e9sidence de la R\u00e9publique pour le secteur du cin\u00e9ma, M. Abdelkader djoumaa, conseiller aupr\u00e8s de la ministre de la Culture et des Arts, M. le directeur &nbsp;de l\u2019institution \u00abAl Djazairi\u00bb, Salim Aggar et M. Anouar Haj Smaine, producteur et r\u00e9alisateur.<\/p>\n\n\n\n<p>La commission consultative charg\u00e9e du projet a r\u00e9cemment achev\u00e9 son rapport final, marquant une \u00e9tape importante dans la phase de pr\u00e9production. Selon les informations disponibles, le tournage des premi\u00e8res sc\u00e8nes a commenc\u00e9 en Alg\u00e9rie, notamment \u00e0 Alger et Oran, tandis que certaines s\u00e9quences techniques pourraient \u00eatre r\u00e9alis\u00e9es \u00e0 l\u2019\u00e9tranger. Le film se pr\u00e9sente comme un docudrame historique<strong>,<\/strong> m\u00ealant reconstitutions, t\u00e9moignages d\u2019experts et mise en sc\u00e8ne narrative, afin de rendre justice \u00e0 la complexit\u00e9 du personnage.<\/p>\n\n\n\n<p>N\u00e9 en 1808 pr\u00e8s de Mascara, Abdelkader ibn Muhyi al-Din s\u2019est impos\u00e9 tr\u00e8s jeune comme le chef de la r\u00e9sistance alg\u00e9rienne contre l\u2019invasion fran\u00e7aise. Il a fond\u00e9 un \u00c9tat organis\u00e9, introduit des institutions, r\u00e9glement\u00e9 la fiscalit\u00e9, favoris\u00e9 l\u2019\u00e9ducation et encourag\u00e9 le d\u00e9veloppement \u00e9conomique local.<\/p>\n\n\n\n<p>Au-del\u00e0 de la simple reconstitution historique, le projet cin\u00e9matographique se veut un outil de m\u00e9moire collective<strong>,<\/strong> destin\u00e9 aux jeunes g\u00e9n\u00e9rations, en mettant en lumi\u00e8re les valeurs d\u2019unit\u00e9, de r\u00e9sistance et de justice sociale. Pour les producteurs, l\u2019\u0153uvre doit \u00e9galement contribuer \u00e0 valoriser le patrimoine culturel et intellectuel de l&rsquo;Alg\u00e9rie sur la sc\u00e8ne internationale.<\/p>\n\n\n\n<p>Le film sur l\u2019\u00c9mir Abdelkader s\u2019annonce donc comme un moment majeur pour le cin\u00e9ma alg\u00e9rien, m\u00ealant engagement historique, dimension p\u00e9dagogique et ambition artistique, avec l\u2019objectif de faire red\u00e9couvrir au public une figure centrale de l\u2019histoire nationale.<\/p>\n\n\n\n<p>S.B.<\/p>\n\n\n\n<p><\/p>\n","protected":false},"excerpt":{"rendered":"<p>Le Pr\u00e9sident de la R\u00e9publique, M. Abdelmadjid Tebboune, a pr\u00e9sid\u00e9 ce lundi une r\u00e9union consacr\u00e9e au projet du film sur l\u2019\u00c9mir Abdelkader en particulier, et au redressement du secteur de l\u2019industrie cin\u00e9matographique en Alg\u00e9rie en g\u00e9n\u00e9ral, a indiqu\u00e9 la pr\u00e9sidence de la R\u00e9publique dans un communiqu\u00e9.&nbsp; Ont assist\u00e9 \u00e0 la rencontre M. Boualem Boualem, Directeur [&hellip;]<\/p>\n","protected":false},"author":3,"featured_media":3547,"comment_status":"open","ping_status":"open","sticky":false,"template":"","format":"standard","meta":{"footnotes":""},"categories":[5],"tags":[],"class_list":{"0":"post-3546","1":"post","2":"type-post","3":"status-publish","4":"format-standard","5":"has-post-thumbnail","7":"category-culture"},"_links":{"self":[{"href":"https:\/\/lequotidien-deconstantine.dz\/index.php?rest_route=\/wp\/v2\/posts\/3546","targetHints":{"allow":["GET"]}}],"collection":[{"href":"https:\/\/lequotidien-deconstantine.dz\/index.php?rest_route=\/wp\/v2\/posts"}],"about":[{"href":"https:\/\/lequotidien-deconstantine.dz\/index.php?rest_route=\/wp\/v2\/types\/post"}],"author":[{"embeddable":true,"href":"https:\/\/lequotidien-deconstantine.dz\/index.php?rest_route=\/wp\/v2\/users\/3"}],"replies":[{"embeddable":true,"href":"https:\/\/lequotidien-deconstantine.dz\/index.php?rest_route=%2Fwp%2Fv2%2Fcomments&post=3546"}],"version-history":[{"count":1,"href":"https:\/\/lequotidien-deconstantine.dz\/index.php?rest_route=\/wp\/v2\/posts\/3546\/revisions"}],"predecessor-version":[{"id":3548,"href":"https:\/\/lequotidien-deconstantine.dz\/index.php?rest_route=\/wp\/v2\/posts\/3546\/revisions\/3548"}],"wp:featuredmedia":[{"embeddable":true,"href":"https:\/\/lequotidien-deconstantine.dz\/index.php?rest_route=\/wp\/v2\/media\/3547"}],"wp:attachment":[{"href":"https:\/\/lequotidien-deconstantine.dz\/index.php?rest_route=%2Fwp%2Fv2%2Fmedia&parent=3546"}],"wp:term":[{"taxonomy":"category","embeddable":true,"href":"https:\/\/lequotidien-deconstantine.dz\/index.php?rest_route=%2Fwp%2Fv2%2Fcategories&post=3546"},{"taxonomy":"post_tag","embeddable":true,"href":"https:\/\/lequotidien-deconstantine.dz\/index.php?rest_route=%2Fwp%2Fv2%2Ftags&post=3546"}],"curies":[{"name":"wp","href":"https:\/\/api.w.org\/{rel}","templated":true}]}}