{"id":3564,"date":"2025-12-10T08:49:30","date_gmt":"2025-12-10T07:49:30","guid":{"rendered":"https:\/\/lequotidien-deconstantine.dz\/?p=3564"},"modified":"2025-12-10T08:49:33","modified_gmt":"2025-12-10T07:49:33","slug":"9-millions-dhectares-de-sommets-et-forets","status":"publish","type":"post","link":"https:\/\/lequotidien-deconstantine.dz\/?p=3564","title":{"rendered":"9 millions d\u2019hectares de sommets et for\u00eats"},"content":{"rendered":"\n<p>En Alg\u00e9rie, les espaces montagneux, comprenant l\u2019Atlas tellien, l\u2019Atlas saharien et le massif Tassili-Hoggar, couvrent environ 9 millions d\u2019hectares, soit 4 % du territoire national et 22 % de la partie nord du pays, annonce la Direction g\u00e9n\u00e9rale des for\u00eats (DGF). Le lancement officiel des activit\u00e9s de c\u00e9l\u00e9bration de la Journ\u00e9e internationale de la montagne, pr\u00e9vue dans la wilaya de Tipasa, marque le d\u00e9but d\u2019une s\u00e9rie d\u2019initiatives \u00e0 travers tout le pays.<\/p>\n\n\n\n<p><strong>Des campagnes de reboisement et des actions de sensibilisation<\/strong><\/p>\n\n\n\n<p>Les programmes de la DGF, coordonn\u00e9s avec les institutions locales et les acteurs du d\u00e9veloppement rural, s\u2019articulent autour du th\u00e8me retenu par les Nations Unies : \u00ab Les glaciers sont importants pour l\u2019eau, l\u2019alimentation et les moyens de subsistance dans les montagnes et au-del\u00e0 \u00bb.<\/p>\n\n\n\n<p>Les activit\u00e9s pr\u00e9vues incluent la mise en valeur du r\u00f4le des for\u00eats dans la protection des \u00e9cosyst\u00e8mes et la s\u00e9curit\u00e9 alimentaire, l\u2019am\u00e9nagement int\u00e9gr\u00e9 des bassins versants et le d\u00e9veloppement de projets ruraux de proximit\u00e9, et la pr\u00e9servation des parcs nationaux, de la faune et de la flore.<\/p>\n\n\n\n<p>La DGF pr\u00e9voit \u00e9galement des actions de volontariat pour la plantation d\u2019arbres, des expositions, des journ\u00e9es portes ouvertes, ainsi que des conf\u00e9rences, tables rondes et \u00e9missions m\u00e9diatiques pour sensibiliser le public, avec la participation d\u2019\u00e9coles, de scouts et d\u2019associations locales.<\/p>\n\n\n\n<p><strong>Un enjeu global et national<\/strong><\/p>\n\n\n\n<p>La DGF rappelle que les montagnes repr\u00e9sentent 25 % des terres \u00e9merg\u00e9es, abritent 26 % de la population mondiale, fournissent jusqu\u2019\u00e0 80 % de l\u2019eau douce et concentrent pr\u00e8s d\u2019un quart de la biodiversit\u00e9 terrestre. Ces zones, v\u00e9ritables r\u00e9servoirs \u00e9cologiques, \u00e9conomiques et sociaux, restent toutefois vuln\u00e9rables face \u00e0 la d\u00e9gradation des sols, aux pratiques agricoles inadapt\u00e9es, \u00e0 la mauvaise gestion des ressources et \u00e0 l\u2019urbanisation anarchique.<\/p>\n\n\n\n<p>En Alg\u00e9rie, les efforts de protection et de valorisation des espaces montagneux s\u2019inscrivent dans le Plan national de d\u00e9veloppement agricole (2002) et la politique de renouveau rural (2007), visant \u00e0 promouvoir le d\u00e9veloppement \u00e9conomique et durable des territoires ruraux. Des programmes sp\u00e9cifiques sont \u00e9galement mis en place pour lutter contre la d\u00e9gradation des terres et favoriser un am\u00e9nagement int\u00e9gr\u00e9 des bassins versants.<\/p>\n\n\n\n<p><strong>Une protection l\u00e9gislative et des zones prot\u00e9g\u00e9es<\/strong><\/p>\n\n\n\n<p>Sur le plan l\u00e9gal, la loi 04-03 relative \u00e0 la protection des zones montagneuses dans le cadre du d\u00e9veloppement durable constitue la pierre angulaire de la politique nationale. L\u2019Alg\u00e9rie a \u00e9galement \u00e9largi ses zones prot\u00e9g\u00e9es et cr\u00e9\u00e9 de nouvelles r\u00e9serves naturelles. \u00c0 ce jour, le pays compte 9 parcs nationaux et une r\u00e9serve naturelle, couvrant pr\u00e8s de 195 000 hectares, se distinguant par une grande diversit\u00e9 biologique et culturelle.<\/p>\n\n\n\n<p><strong>L.R.<\/strong><\/p>\n\n\n\n<p><\/p>\n","protected":false},"excerpt":{"rendered":"<p>En Alg\u00e9rie, les espaces montagneux, comprenant l\u2019Atlas tellien, l\u2019Atlas saharien et le massif Tassili-Hoggar, couvrent environ 9 millions d\u2019hectares, soit 4 % du territoire national et 22 % de la partie nord du pays, annonce la Direction g\u00e9n\u00e9rale des for\u00eats (DGF). Le lancement officiel des activit\u00e9s de c\u00e9l\u00e9bration de la Journ\u00e9e internationale de la montagne, [&hellip;]<\/p>\n","protected":false},"author":3,"featured_media":3565,"comment_status":"open","ping_status":"open","sticky":false,"template":"","format":"standard","meta":{"footnotes":""},"categories":[10],"tags":[],"class_list":{"0":"post-3564","1":"post","2":"type-post","3":"status-publish","4":"format-standard","5":"has-post-thumbnail","7":"category-magazine"},"_links":{"self":[{"href":"https:\/\/lequotidien-deconstantine.dz\/index.php?rest_route=\/wp\/v2\/posts\/3564","targetHints":{"allow":["GET"]}}],"collection":[{"href":"https:\/\/lequotidien-deconstantine.dz\/index.php?rest_route=\/wp\/v2\/posts"}],"about":[{"href":"https:\/\/lequotidien-deconstantine.dz\/index.php?rest_route=\/wp\/v2\/types\/post"}],"author":[{"embeddable":true,"href":"https:\/\/lequotidien-deconstantine.dz\/index.php?rest_route=\/wp\/v2\/users\/3"}],"replies":[{"embeddable":true,"href":"https:\/\/lequotidien-deconstantine.dz\/index.php?rest_route=%2Fwp%2Fv2%2Fcomments&post=3564"}],"version-history":[{"count":1,"href":"https:\/\/lequotidien-deconstantine.dz\/index.php?rest_route=\/wp\/v2\/posts\/3564\/revisions"}],"predecessor-version":[{"id":3566,"href":"https:\/\/lequotidien-deconstantine.dz\/index.php?rest_route=\/wp\/v2\/posts\/3564\/revisions\/3566"}],"wp:featuredmedia":[{"embeddable":true,"href":"https:\/\/lequotidien-deconstantine.dz\/index.php?rest_route=\/wp\/v2\/media\/3565"}],"wp:attachment":[{"href":"https:\/\/lequotidien-deconstantine.dz\/index.php?rest_route=%2Fwp%2Fv2%2Fmedia&parent=3564"}],"wp:term":[{"taxonomy":"category","embeddable":true,"href":"https:\/\/lequotidien-deconstantine.dz\/index.php?rest_route=%2Fwp%2Fv2%2Fcategories&post=3564"},{"taxonomy":"post_tag","embeddable":true,"href":"https:\/\/lequotidien-deconstantine.dz\/index.php?rest_route=%2Fwp%2Fv2%2Ftags&post=3564"}],"curies":[{"name":"wp","href":"https:\/\/api.w.org\/{rel}","templated":true}]}}