{"id":3572,"date":"2025-12-11T07:45:38","date_gmt":"2025-12-11T06:45:38","guid":{"rendered":"https:\/\/lequotidien-deconstantine.dz\/?p=3572"},"modified":"2025-12-11T07:47:03","modified_gmt":"2025-12-11T06:47:03","slug":"assemblees-elues-de-constantine-le-bilan-exige-pour-les-credits-2026","status":"publish","type":"post","link":"https:\/\/lequotidien-deconstantine.dz\/?p=3572","title":{"rendered":"Assembl\u00e9es \u00e9lues de Constantine\u00a0: Le bilan exig\u00e9 pour les cr\u00e9dits 2026"},"content":{"rendered":"\n<p>Dans le cadre de la suivi r\u00e9gulier et strat\u00e9gique des programmes de d\u00e9veloppement, le Wali de Constantine, Abdelkhalek Sayouda, a pr\u00e9sid\u00e9 ce mercredi une s\u00e9ance importante du conseil ex\u00e9cutif de la wilaya, consacr\u00e9e \u00e0 l\u2019examen de l\u2019avancement des projets communaux et sectoriels, ainsi qu\u2019\u00e0 la prise en charge directe des pr\u00e9occupations quotidiennes des citoyens. L\u2019\u00e9v\u00e9nement a rassembl\u00e9 les principales autorit\u00e9s locales et sectorielles.<\/p>\n\n\n\n<p><strong>Propret\u00e9 et services publics : la priorit\u00e9 du Wali<\/strong><\/p>\n\n\n\n<p>Le Wali a ouvert la s\u00e9ance en abordant la propret\u00e9 et l\u2019hygi\u00e8ne publique, avec un focus particulier sur la circonscription d\u2019Ali Mendjeli. Il a d\u00e9nonc\u00e9 les insuffisances constat\u00e9es et soulign\u00e9 que la situation actuelle \u00e9tait inacceptable, malgr\u00e9 les efforts pass\u00e9s ayant permis d\u2019am\u00e9liorer l\u2019image de la ville.<\/p>\n\n\n\n<p>Pour rem\u00e9dier \u00e0 cette situation, il a donn\u00e9 des instructions pr\u00e9cises: intensification des efforts sur le terrain, supervision directe par le Wali d\u00e9l\u00e9gu\u00e9 et application de mesures strictes envers les responsables n\u00e9gligents.<\/p>\n\n\n\n<p>Le Wali a \u00e9galement insist\u00e9 sur la qualit\u00e9 des services publics essentiels, en particulier dans les \u00e9tablissements scolaires, en exigeant la r\u00e9gularisation imm\u00e9diate des dysfonctionnements li\u00e9s au transport scolaire, \u00e0 la restauration et au chauffage, afin de garantir aux \u00e9l\u00e8ves des conditions d\u2019accueil satisfaisantes.<\/p>\n\n\n\n<p><strong>Bilan des programmes de d\u00e9veloppement 2025<\/strong><\/p>\n\n\n\n<p>Le directeur de l\u2019administration locale a pr\u00e9sent\u00e9 un \u00e9tat d\u00e9taill\u00e9 des programmes de soutien au d\u00e9veloppement \u00e9conomique et social des collectivit\u00e9s locales pourl\u2019ann\u00e9e 2025. Ces programmes comprennent 202 projets, avec un taux d\u2019avancement global de 88 %.<\/p>\n\n\n\n<p>Le Wali a ordonn\u00e9 la finalisation des neuf op\u00e9rations restantes dans un d\u00e9lai d\u2019une semaine, afin que les habitants b\u00e9n\u00e9ficient rapidement des infrastructures pr\u00e9vues.<\/p>\n\n\n\n<p>Pour les projets financ\u00e9s par le Fonds de garantie et de solidarit\u00e9 des collectivit\u00e9s locales, soit 104 op\u00e9rations, le taux d\u2019utilisation des cr\u00e9dits variait entre 57 % et 100 %. Chaque projet a \u00e9t\u00e9 examin\u00e9 individuellement, avec des instructions pour acc\u00e9l\u00e9rer leur cl\u00f4ture avant la fin de l\u2019ann\u00e9e.<\/p>\n\n\n\n<p>Concernant les 90 projets financ\u00e9s par le budget de la wilaya, une revue d\u00e9taill\u00e9e a \u00e9galement \u00e9t\u00e9 effectu\u00e9e, avec des directives pr\u00e9cises pour achever les travaux en cours et finaliser leur cl\u00f4ture avant la fin de l\u2019exercice budg\u00e9taire.<\/p>\n\n\n\n<p>Le Wali a rappel\u00e9 que l\u2019allocation des cr\u00e9dits aux communes pour 2026 d\u00e9pendra de la cl\u00f4ture effective des programmes actuels, constituant un crit\u00e8re cl\u00e9 pour la planification des ressources financi\u00e8res futures.<\/p>\n\n\n\n<p><strong>Projets gel\u00e9s et cr\u00e9dits non utilis\u00e9s : des solutions imm\u00e9diates<\/strong><\/p>\n\n\n\n<p>Le conseil a \u00e9galement abord\u00e9 la situation des projets gel\u00e9s au nombre de 14, certains remontant \u00e0 2010. Le Wali a demand\u00e9 la cl\u00f4ture de la majorit\u00e9 de ces dossiers avant la fin de l\u2019ann\u00e9e, tout en r\u00e9servant certains projets strat\u00e9giques pour des solutions sectorielles adapt\u00e9es, notamment cinq op\u00e9rations cruciales et l\u2019institut de formation professionnelle de la commune d\u2019Ibn Ziad.<\/p>\n\n\n\n<p>Une session sp\u00e9ciale sera organis\u00e9e pour traiter la situation des 23 projets relevant de la direction des \u00e9quipements publics, afin de trouver des solutions concr\u00e8tes pour leur relance ou leur cl\u00f4ture, en associant tous les acteurs concern\u00e9s.<\/p>\n\n\n\n<p><strong>Le programme sectoriel 2025 : d\u00e9marrage imminent<\/strong><\/p>\n\n\n\n<p>Le nouveau programme sectoriel pour 2025, comportant 139 projets, couvrira les secteurs cl\u00e9s des \u00e9quipements publics, de la protection civile et des ressources en eau. Sept projets non zon\u00e9s n\u00e9cessitent une attention particuli\u00e8re.<\/p>\n\n\n\n<p>La majorit\u00e9 de ces op\u00e9rations devrait d\u00e9marrer avant la fin de l\u2019ann\u00e9e, avec un suivi strict pour garantir le respect des d\u00e9lais et la qualit\u00e9 de l\u2019ex\u00e9cution. Le Wali a insist\u00e9 sur la coordination entre tous les acteurs, la r\u00e9activit\u00e9 dans le traitement des obstacles et l\u2019acc\u00e9l\u00e9ration des proc\u00e9dures administratives, afin que les projets produisent rapidement leurs effets au profit des citoyens.<\/p>\n\n\n\n<p><strong>Vers une meilleure gestion des ressources et des cr\u00e9dits<\/strong><\/p>\n\n\n\n<p>La r\u00e9union a \u00e9galement port\u00e9 sur l\u2019optimisation des cr\u00e9dits et des investissements publics, avec un suivi d\u00e9taill\u00e9 de la consommation des fonds sectoriels et de l\u2019\u00e9tat physique des projets. Le Wali a insist\u00e9 sur la n\u00e9cessit\u00e9 de passer en revue l\u2019ensemble des projets publics, y compris ceux gel\u00e9s ou jamais lanc\u00e9s, et d\u2019\u00e9tablir des m\u00e9canismes clairs pour leur relance ou leur cl\u00f4ture.<\/p>\n\n\n\n<p>L\u2019accent a \u00e9t\u00e9 mis sur l\u2019importance de la planification et de l\u2019anticipation, afin que les ressources financi\u00e8res soient utilis\u00e9es de mani\u00e8re efficace, et que chaque projet ait un impact concret sur le quotidien des habitants et le d\u00e9veloppement territorial.<\/p>\n\n\n\n<p><strong>Un engagement clair pour le citoyen<\/strong><\/p>\n\n\n\n<p>\u00c0 travers cette r\u00e9union, le Wali Abdelkhalek Sayouda a confirm\u00e9 que le suivi rigoureux, la transparence dans la gestion et la responsabilit\u00e9 de tous les acteurs \u00e9taient essentiels pour que les programmes de d\u00e9veloppement r\u00e9pondent r\u00e9ellement aux besoins des citoyens.<\/p>\n\n\n\n<p>L\u2019objectif affich\u00e9 est double?: assurer la continuit\u00e9 des services publics et acc\u00e9l\u00e9rer le d\u00e9veloppement \u00e9conomique et social, tout en garantissant que chaque projet contribue \u00e0 l\u2019am\u00e9lioration du cadre de vie et \u00e0 la satisfaction des habitants de Constantine.<\/p>\n\n\n\n<p>S.B.<\/p>\n\n\n\n<p><\/p>\n","protected":false},"excerpt":{"rendered":"<p>Dans le cadre de la suivi r\u00e9gulier et strat\u00e9gique des programmes de d\u00e9veloppement, le Wali de Constantine, Abdelkhalek Sayouda, a pr\u00e9sid\u00e9 ce mercredi une s\u00e9ance importante du conseil ex\u00e9cutif de la wilaya, consacr\u00e9e \u00e0 l\u2019examen de l\u2019avancement des projets communaux et sectoriels, ainsi qu\u2019\u00e0 la prise en charge directe des pr\u00e9occupations quotidiennes des citoyens. L\u2019\u00e9v\u00e9nement [&hellip;]<\/p>\n","protected":false},"author":3,"featured_media":3573,"comment_status":"open","ping_status":"open","sticky":false,"template":"","format":"standard","meta":{"footnotes":""},"categories":[4],"tags":[],"class_list":{"0":"post-3572","1":"post","2":"type-post","3":"status-publish","4":"format-standard","5":"has-post-thumbnail","7":"category-actuest"},"_links":{"self":[{"href":"https:\/\/lequotidien-deconstantine.dz\/index.php?rest_route=\/wp\/v2\/posts\/3572","targetHints":{"allow":["GET"]}}],"collection":[{"href":"https:\/\/lequotidien-deconstantine.dz\/index.php?rest_route=\/wp\/v2\/posts"}],"about":[{"href":"https:\/\/lequotidien-deconstantine.dz\/index.php?rest_route=\/wp\/v2\/types\/post"}],"author":[{"embeddable":true,"href":"https:\/\/lequotidien-deconstantine.dz\/index.php?rest_route=\/wp\/v2\/users\/3"}],"replies":[{"embeddable":true,"href":"https:\/\/lequotidien-deconstantine.dz\/index.php?rest_route=%2Fwp%2Fv2%2Fcomments&post=3572"}],"version-history":[{"count":2,"href":"https:\/\/lequotidien-deconstantine.dz\/index.php?rest_route=\/wp\/v2\/posts\/3572\/revisions"}],"predecessor-version":[{"id":3575,"href":"https:\/\/lequotidien-deconstantine.dz\/index.php?rest_route=\/wp\/v2\/posts\/3572\/revisions\/3575"}],"wp:featuredmedia":[{"embeddable":true,"href":"https:\/\/lequotidien-deconstantine.dz\/index.php?rest_route=\/wp\/v2\/media\/3573"}],"wp:attachment":[{"href":"https:\/\/lequotidien-deconstantine.dz\/index.php?rest_route=%2Fwp%2Fv2%2Fmedia&parent=3572"}],"wp:term":[{"taxonomy":"category","embeddable":true,"href":"https:\/\/lequotidien-deconstantine.dz\/index.php?rest_route=%2Fwp%2Fv2%2Fcategories&post=3572"},{"taxonomy":"post_tag","embeddable":true,"href":"https:\/\/lequotidien-deconstantine.dz\/index.php?rest_route=%2Fwp%2Fv2%2Ftags&post=3572"}],"curies":[{"name":"wp","href":"https:\/\/api.w.org\/{rel}","templated":true}]}}