{"id":3760,"date":"2026-01-08T07:40:32","date_gmt":"2026-01-08T06:40:32","guid":{"rendered":"https:\/\/lequotidien-deconstantine.dz\/?p=3760"},"modified":"2026-01-08T07:40:34","modified_gmt":"2026-01-08T06:40:34","slug":"aid-2026-letat-anticipe-pour-stabiliser-les-prix","status":"publish","type":"post","link":"https:\/\/lequotidien-deconstantine.dz\/?p=3760","title":{"rendered":"A\u00efd 2026\u00a0: L\u2019\u00c9tat anticipe pour stabiliser les prix"},"content":{"rendered":"\n<p>Pour la deuxi\u00e8me ann\u00e9e cons\u00e9cutive, le pr\u00e9sident de la R\u00e9publique a d\u00e9cid\u00e9 de recourir \u00e0 l\u2019importation massive de b\u00e9tail \u00e0 l\u2019approche de l\u2019A\u00efd El-Adha. Un million de moutons seront ainsi import\u00e9s en pr\u00e9vision de l\u2019A\u00efd 2026, dans l\u2019objectif d\u2019assurer la disponibilit\u00e9 du cheptel sur le march\u00e9 national et de contenir les prix, souvent soumis \u00e0 de fortes tensions \u00e0 l\u2019approche de cette f\u00eate religieuse.<\/p>\n\n\n\n<p>L\u2019annonce a \u00e9t\u00e9 faite mercredi par le Premier ministre, Sa\u00effi Ghrieb, lors d\u2019une r\u00e9union du gouvernement. Dans un communiqu\u00e9 rendu public \u00e0 l\u2019issue de cette rencontre, les services du Premier minist\u00e8re pr\u00e9cisent que cette d\u00e9cision s\u2019inscrit dans la volont\u00e9 du chef de l\u2019\u00c9tat de soutenir le march\u00e9 national du b\u00e9tail et de pr\u00e9server le pouvoir d\u2019achat des citoyens.<\/p>\n\n\n\n<p><strong>Une op\u00e9ration lanc\u00e9e dans l\u2019anticipation<\/strong><\/p>\n\n\n\n<p>Selon le communiqu\u00e9 officiel, le Premier ministre a inform\u00e9 les membres du gouvernement de \u00ab la d\u00e9cision de Monsieur le pr\u00e9sident de la R\u00e9publique de soutenir le march\u00e9 national du b\u00e9tail \u00e0 l\u2019occasion de l\u2019A\u00efd El-Adha, par l\u2019importation d\u2019un million de moutons \u00bb. La mise en \u0153uvre de cette op\u00e9ration a \u00e9t\u00e9 confi\u00e9e au minist\u00e8re de l\u2019Agriculture, du D\u00e9veloppement rural et de la P\u00eache, charg\u00e9 de prendre \u00ab imm\u00e9diatement toutes les mesures n\u00e9cessaires \u00bb pour sa concr\u00e9tisation.<\/p>\n\n\n\n<p>Ce m\u00eame d\u00e9partement minist\u00e9riel avait d\u00e9j\u00e0 supervis\u00e9 une op\u00e9ration similaire lors de l\u2019A\u00efd El-Adha 2025. La diff\u00e9rence majeure cette ann\u00e9e r\u00e9side toutefois dans l\u2019anticipation. Contrairement \u00e0 l\u2019exercice pr\u00e9c\u00e9dent, marqu\u00e9 par une certaine urgence, le minist\u00e8re disposera cette fois d\u2019un d\u00e9lai plus confortable pour pr\u00e9parer et organiser l\u2019importation dans des conditions optimales.<\/p>\n\n\n\n<p>Cette d\u00e9marche anticipative traduit, selon plusieurs observateurs, la volont\u00e9 des pouvoirs publics d\u2019agir en amont pour \u00e9viter les d\u00e9s\u00e9quilibres constat\u00e9s les ann\u00e9es pr\u00e9c\u00e9dentes. Elle s\u2019inscrit \u00e9galement dans une logique de r\u00e9gulation du march\u00e9 et de pr\u00e9servation du caract\u00e8re social de l\u2019\u00c9tat, \u00e0 travers un accompagnement direct des m\u00e9nages, particuli\u00e8rement les plus modestes.<\/p>\n\n\n\n<p><strong>Une mesure salu\u00e9e par les organisations de consommateurs<\/strong><\/p>\n\n\n\n<p>La d\u00e9cision pr\u00e9sidentielle a \u00e9t\u00e9 largement accueillie favorablement par les associations professionnelles et les organisations de d\u00e9fense des consommateurs, qui y voient une mesure proactive et efficace pour r\u00e9\u00e9quilibrer l\u2019offre et la demande sur le march\u00e9 du b\u00e9tail.<\/p>\n\n\n\n<p>La F\u00e9d\u00e9ration alg\u00e9rienne des consommateurs (FAC), par la voix de son pr\u00e9sident Zaki Hariz, a salu\u00e9 cette initiative, soulignant qu\u2019elle refl\u00e8te clairement la priorit\u00e9 accord\u00e9e \u00e0 la pr\u00e9servation du pouvoir d\u2019achat. \u00ab L\u2019importation d\u2019un million de t\u00eates de b\u00e9tail est de nature \u00e0 mettre fin \u00e0 la flamb\u00e9e des prix observ\u00e9e ces derni\u00e8res ann\u00e9es \u00bb, a-t-il affirm\u00e9, estimant que cette op\u00e9ration permettra \u00e0 un plus grand nombre de citoyens, notamment ceux aux revenus modestes, d\u2019accomplir le rite du sacrifice dans des conditions accessibles.<\/p>\n\n\n\n<p>Pour la FAC, cette mesure contribuera \u00e9galement \u00e0 instaurer une plus grande transparence sur le march\u00e9, souvent affect\u00e9 par la sp\u00e9culation \u00e0 l\u2019approche de l\u2019A\u00efd.<\/p>\n\n\n\n<p><strong>Un r\u00e9pit pour la fili\u00e8re nationale de l\u2019\u00e9levage<\/strong><\/p>\n\n\n\n<p>Du c\u00f4t\u00e9 des \u00e9leveurs, la d\u00e9cision est \u00e9galement per\u00e7ue de mani\u00e8re positive. Le pr\u00e9sident de la F\u00e9d\u00e9ration nationale des \u00e9leveurs (FNE), Djilali Azzaoui, estime que cette importation massive offrira un r\u00e9pit bienvenu \u00e0 la fili\u00e8re locale. \u00ab Cette d\u00e9cision nous donne une v\u00e9ritable bouff\u00e9e d\u2019oxyg\u00e8ne et du temps pour la r\u00e9g\u00e9n\u00e9ration du cheptel national \u00bb, a-t-il d\u00e9clar\u00e9.<\/p>\n\n\n\n<p>Selon lui, l\u2019op\u00e9ration aura un double effet b\u00e9n\u00e9fique : combler le d\u00e9ficit structurel de l\u2019offre locale et contribuer \u00e0 la stabilisation des prix sur le march\u00e9. Il a \u00e9galement soulign\u00e9 que cette mesure permettra de limiter les pratiques sp\u00e9culatives, qui p\u00e9nalisent \u00e0 la fois les consommateurs et les \u00e9leveurs.<\/p>\n\n\n\n<p>Zaki Hariz abonde dans le m\u00eame sens, tout en insistant sur la n\u00e9cessit\u00e9 d\u2019une vigilance accrue en mati\u00e8re de qualit\u00e9. Il appelle le minist\u00e8re de l\u2019Agriculture \u00e0 se montrer \u00ab particuli\u00e8rement exigeant \u00bb sur les crit\u00e8res de s\u00e9lection du b\u00e9tail import\u00e9, afin d\u2019\u00e9viter les dysfonctionnements constat\u00e9s lors de la pr\u00e9c\u00e9dente op\u00e9ration, notamment en ce qui concerne la taille et le gabarit de certains moutons.<\/p>\n\n\n\n<p><strong>La question des prix toujours en suspens<\/strong><\/p>\n\n\n\n<p>Reste d\u00e9sormais \u00e0 savoir si les autorit\u00e9s maintiendront le m\u00eame niveau de prix que lors de la pr\u00e9c\u00e9dente op\u00e9ration, o\u00f9 le prix du mouton import\u00e9 avait \u00e9t\u00e9 plafonn\u00e9 \u00e0 40 000 dinars la t\u00eate. Cette question demeure centrale pour les consommateurs, alors que le co\u00fbt du sacrifice repr\u00e9sente une charge importante pour de nombreux m\u00e9nages.<\/p>\n\n\n\n<p>Pour rappel, une part significative des moutons import\u00e9s lors de l\u2019A\u00efd El-Adha 2025 provenait notamment de Roumanie et d\u2019Espagne, des pays disposant de cheptels importants et r\u00e9pondant aux normes sanitaires exig\u00e9es.<\/p>\n\n\n\n<p>Avec cette nouvelle d\u00e9cision, les pouvoirs publics entendent ainsi agir sur plusieurs fronts : s\u00e9curiser l\u2019approvisionnement du march\u00e9, soutenir les \u00e9leveurs nationaux, lutter contre la sp\u00e9culation et, surtout, pr\u00e9server le pouvoir d\u2019achat des citoyens \u00e0 l\u2019approche d\u2019une \u00e9ch\u00e9ance religieuse majeure.<\/p>\n\n\n\n<p><strong>L.R.<\/strong><\/p>\n\n\n\n<p><\/p>\n","protected":false},"excerpt":{"rendered":"<p>Pour la deuxi\u00e8me ann\u00e9e cons\u00e9cutive, le pr\u00e9sident de la R\u00e9publique a d\u00e9cid\u00e9 de recourir \u00e0 l\u2019importation massive de b\u00e9tail \u00e0 l\u2019approche de l\u2019A\u00efd El-Adha. Un million de moutons seront ainsi import\u00e9s en pr\u00e9vision de l\u2019A\u00efd 2026, dans l\u2019objectif d\u2019assurer la disponibilit\u00e9 du cheptel sur le march\u00e9 national et de contenir les prix, souvent soumis \u00e0 [&hellip;]<\/p>\n","protected":false},"author":3,"featured_media":3761,"comment_status":"open","ping_status":"open","sticky":false,"template":"","format":"standard","meta":{"footnotes":""},"categories":[2],"tags":[],"class_list":{"0":"post-3760","1":"post","2":"type-post","3":"status-publish","4":"format-standard","5":"has-post-thumbnail","7":"category-infos"},"_links":{"self":[{"href":"https:\/\/lequotidien-deconstantine.dz\/index.php?rest_route=\/wp\/v2\/posts\/3760","targetHints":{"allow":["GET"]}}],"collection":[{"href":"https:\/\/lequotidien-deconstantine.dz\/index.php?rest_route=\/wp\/v2\/posts"}],"about":[{"href":"https:\/\/lequotidien-deconstantine.dz\/index.php?rest_route=\/wp\/v2\/types\/post"}],"author":[{"embeddable":true,"href":"https:\/\/lequotidien-deconstantine.dz\/index.php?rest_route=\/wp\/v2\/users\/3"}],"replies":[{"embeddable":true,"href":"https:\/\/lequotidien-deconstantine.dz\/index.php?rest_route=%2Fwp%2Fv2%2Fcomments&post=3760"}],"version-history":[{"count":1,"href":"https:\/\/lequotidien-deconstantine.dz\/index.php?rest_route=\/wp\/v2\/posts\/3760\/revisions"}],"predecessor-version":[{"id":3762,"href":"https:\/\/lequotidien-deconstantine.dz\/index.php?rest_route=\/wp\/v2\/posts\/3760\/revisions\/3762"}],"wp:featuredmedia":[{"embeddable":true,"href":"https:\/\/lequotidien-deconstantine.dz\/index.php?rest_route=\/wp\/v2\/media\/3761"}],"wp:attachment":[{"href":"https:\/\/lequotidien-deconstantine.dz\/index.php?rest_route=%2Fwp%2Fv2%2Fmedia&parent=3760"}],"wp:term":[{"taxonomy":"category","embeddable":true,"href":"https:\/\/lequotidien-deconstantine.dz\/index.php?rest_route=%2Fwp%2Fv2%2Fcategories&post=3760"},{"taxonomy":"post_tag","embeddable":true,"href":"https:\/\/lequotidien-deconstantine.dz\/index.php?rest_route=%2Fwp%2Fv2%2Ftags&post=3760"}],"curies":[{"name":"wp","href":"https:\/\/api.w.org\/{rel}","templated":true}]}}