{"id":3763,"date":"2026-01-08T07:41:41","date_gmt":"2026-01-08T06:41:41","guid":{"rendered":"https:\/\/lequotidien-deconstantine.dz\/?p=3763"},"modified":"2026-01-08T07:41:43","modified_gmt":"2026-01-08T06:41:43","slug":"yennayer-memoire-vivante-dune-nation","status":"publish","type":"post","link":"https:\/\/lequotidien-deconstantine.dz\/?p=3763","title":{"rendered":"Yennayer, m\u00e9moire vivante d\u2019une nation"},"content":{"rendered":"\n<p>Le secr\u00e9taire g\u00e9n\u00e9ral du Haut-Commissariat \u00e0 l\u2019Amazighit\u00e9 (HCA), Si El Hachemi Assad, a affirm\u00e9 que la c\u00e9l\u00e9bration du Nouvel An amazigh, Yennayer, pr\u00e9vue lundi prochain, constitue un v\u00e9ritable \u00e9v\u00e9nement national f\u00e9d\u00e9rateur, une f\u00eate partag\u00e9e par l\u2019ensemble des Alg\u00e9riens, refl\u00e9tant l\u2019esprit d\u2019unit\u00e9, de coh\u00e9sion et de vivre-ensemble dans un pays riche par sa diversit\u00e9 culturelle et linguistique.<\/p>\n\n\n\n<p>Intervenant ce mercredi dans l\u2019\u00e9mission \u00ab Invit\u00e9 du matin \u00bb sur la Cha\u00eene 1 de la Radio alg\u00e9rienne, M. Assad a soulign\u00e9 que l\u2019institutionnalisation du 12 janvier comme journ\u00e9e f\u00e9ri\u00e9e, ch\u00f4m\u00e9e et pay\u00e9e, \u00e0 la suite de la r\u00e9vision du calendrier officiel des f\u00eates nationales, repr\u00e9sente une avanc\u00e9e majeure dans le renforcement de la coh\u00e9sion nationale et du sentiment d\u2019appartenance collective. Cette d\u00e9cision, a-t-il pr\u00e9cis\u00e9, s\u2019inscrit dans une d\u00e9marche juridique et politique visant \u00e0 valoriser la pluralit\u00e9 culturelle de l\u2019Alg\u00e9rie et \u00e0 mettre en lumi\u00e8re la profondeur de son histoire mill\u00e9naire.<\/p>\n\n\n\n<p>Le responsable a rappel\u00e9 que la c\u00e9l\u00e9bration de Yennayer co\u00efncide cette ann\u00e9e avec le 30e anniversaire de la cr\u00e9ation du Haut-Commissariat \u00e0 l\u2019Amazighit\u00e9, une institution qui \u0153uvre, depuis trois d\u00e9cennies, \u00e0 la promotion et \u00e0 la consolidation de cette dimension identitaire dans le strict respect de la Constitution. Celle-ci consacre, a-t-il insist\u00e9, les trois piliers fondamentaux de l\u2019identit\u00e9 nationale alg\u00e9rienne : l\u2019islam, l\u2019arabit\u00e9 et l\u2019amazighit\u00e9.<\/p>\n\n\n\n<p>Selon M. Assad, l\u2019action du HCA repose sur un travail de proximit\u00e9 et de dialogue permanent avec l\u2019ensemble des composantes de la soci\u00e9t\u00e9, afin d\u2019ancrer ces dimensions identitaires dans une logique de compl\u00e9mentarit\u00e9 et d\u2019\u00e9quilibre, loin de toute opposition ou hi\u00e9rarchisation. \u00ab Ces composantes constituent un socle indivisible et unificateur de l\u2019identit\u00e9 nationale \u00bb, a-t-il d\u00e9clar\u00e9.<\/p>\n\n\n\n<p>Il a ajout\u00e9 que le message port\u00e9 par le Haut-Commissariat \u00e0 travers ses diff\u00e9rentes activit\u00e9s nationales consiste \u00e0 affirmer que l\u2019amazighit\u00e9 participe pleinement \u00e0 la construction d\u2019un creuset national commun. Elle constitue, selon lui, une base de compl\u00e9mentarit\u00e9, de fusion et de coexistence linguistique avec la composante arabe, dans le cadre d\u2019une approche m\u00e9thodique fond\u00e9e sur des convictions solides, mat\u00e9rialis\u00e9es par des actions de sensibilisation continues touchant toutes les cat\u00e9gories de la soci\u00e9t\u00e9.<\/p>\n\n\n\n<p>Dans le m\u00eame sillage, M. Assad a estim\u00e9 que l\u2019usage de la langue amazighe rel\u00e8ve d\u2019un fait anthropologique av\u00e9r\u00e9, couvrant l\u2019ensemble du territoire national. Il demeure, a-t-il poursuivi, un \u00e9l\u00e9ment essentiel dans l\u2019enracinement des valeurs de coexistence et dans la pr\u00e9servation des fondements de l\u2019identit\u00e9 nationale, \u00e0 l\u2019image de ce qu\u2019ont l\u00e9gu\u00e9 les g\u00e9n\u00e9rations successives \u00e0 travers l\u2019histoire.<\/p>\n\n\n\n<p><strong>Mise en garde contre les discours subversifs venus de l\u2019\u00e9tranger<\/strong><\/p>\n\n\n\n<p>Par ailleurs, le secr\u00e9taire g\u00e9n\u00e9ral du HCA a mis en garde contre des discours subversifs \u00e9manant de l\u2019\u00e9tranger, qui tentent d\u2019exploiter la diversit\u00e9 culturelle et linguistique du pays pour porter atteinte \u00e0 l\u2019unit\u00e9 nationale. Il a d\u00e9nonc\u00e9 l\u2019\u00e9cho m\u00e9diatique et les soutiens financiers dont b\u00e9n\u00e9ficient parfois ces discours de la part de parties \u00e9trang\u00e8res.<\/p>\n\n\n\n<p>Il a appel\u00e9, \u00e0 ce titre, \u00e0 une vigilance accrue et \u00e0 un travail constant, men\u00e9 en coordination avec les institutions de l\u2019\u00c9tat et les m\u00e9dias nationaux. Le dossier de l\u2019amazighit\u00e9, a-t-il averti, est un dossier culturel et identitaire sensible qui n\u00e9cessite une protection contre toute forme de r\u00e9cup\u00e9ration ou d\u2019instrumentalisation, \u00e0 travers une coop\u00e9ration \u00e9troite avec les \u00e9lites intellectuelles et les sp\u00e9cialistes.<\/p>\n\n\n\n<p>M. Assad a r\u00e9affirm\u00e9 que la position du Haut-Commissariat demeure claire et constante : aucune exploitation de ce dossier ne sera tol\u00e9r\u00e9e en dehors du cadre de la promotion de la langue amazighe, conform\u00e9ment aux orientations du pr\u00e9sident de la R\u00e9publique, Abdelmadjid Tebboune. Il a \u00e9galement insist\u00e9 sur le rejet de toute remise en cause des acquis consacr\u00e9s par la Constitution, fruit des sacrifices des martyrs de la R\u00e9volution de lib\u00e9ration et des r\u00e9alisations accomplies depuis l\u2019ind\u00e9pendance en 1962, au premier rang desquelles figure la fiert\u00e9 de toutes les composantes de l\u2019identit\u00e9 nationale.<\/p>\n\n\n\n<p><strong>L\u2019amazighit\u00e9, un projet national et non r\u00e9gional<\/strong><\/p>\n\n\n\n<p>Dans ce contexte, le responsable a soulign\u00e9 que le Haut-Commissariat \u00e0 l\u2019Amazighit\u00e9 \u0153uvre, depuis 30 ans, \u00e0 l\u2019\u00e9dification d\u2019un projet national global dont les r\u00e9sultats commencent \u00e0 se concr\u00e9tiser. Il a tenu \u00e0 pr\u00e9ciser que ce projet n\u2019a aucun caract\u00e8re r\u00e9gional ou communautaire et ne concerne pas uniquement les citoyens amazighophones, mais l\u2019ensemble des Alg\u00e9riens, l\u2019amazighit\u00e9 \u00e9tant un patrimoine collectif et partag\u00e9.<\/p>\n\n\n\n<p>Il a rappel\u00e9 que la Constitution de 2020 a d\u00e9finitivement tranch\u00e9 la question du statut de l\u2019amazighit\u00e9 en la consacrant langue nationale et officielle, et en inscrivant, dans son pr\u00e9ambule, la dimension amazighe comme composante intangible de l\u2019identit\u00e9 alg\u00e9rienne, qualifiant cette cons\u00e9cration de gain politique et constitutionnel majeur.<\/p>\n\n\n\n<p>M. Assad a, en outre, plaid\u00e9 pour la g\u00e9n\u00e9ralisation de ce projet au sein du syst\u00e8me de formation, notamment dans les secteurs de l\u2019\u00e9ducation nationale, de la formation professionnelle et de l\u2019enseignement sup\u00e9rieur, tout en appelant \u00e0 l\u2019adaptation de certains textes l\u00e9gislatifs afin de les mettre en conformit\u00e9 avec les dispositions constitutionnelles.<\/p>\n\n\n\n<p><strong>La Radio alg\u00e9rienne c\u00e9l\u00e8bre Yennayer sous le signe du patrimoine<\/strong><\/p>\n\n\n\n<p>Fid\u00e8le \u00e0 sa mission m\u00e9diatique et \u00e0 son r\u00f4le culturel dans la promotion du patrimoine national et la pr\u00e9servation de la m\u00e9moire collective, la Radio alg\u00e9rienne, \u00e0 travers la Cha\u00eene 2, c\u00e9l\u00e9brera le Nouvel An amazigh 2976 \u00e0 travers un programme artistique et culturel sp\u00e9cial plac\u00e9 sous le slogan : \u00ab Notre patrimoine\u2026 une empreinte dans le registre de l\u2019humanit\u00e9 \u00bb.<\/p>\n\n\n\n<p>Ce programme s\u2019inscrit dans la continuit\u00e9 du r\u00f4le pionnier de la Radio alg\u00e9rienne dans la valorisation du patrimoine culturel national et la mise en avant de ses dimensions historiques, civilisationnelles et humaines, notamment en ce qui concerne les sites et tr\u00e9sors class\u00e9s au patrimoine mondial, consid\u00e9r\u00e9s comme partie int\u00e9grante du patrimoine universel.<\/p>\n\n\n\n<p>Pr\u00e9vu au si\u00e8ge de la Radio alg\u00e9rienne le 11 janvier 2026 \u00e0 partir de 10 heures, l\u2019\u00e9v\u00e9nement comprendra plusieurs activit\u00e9s culturelles, dont des expositions patrimoniales et une conf\u00e9rence intellectuelle anim\u00e9e par des chercheurs et sp\u00e9cialistes, ax\u00e9e sur les enjeux de la protection et de la valorisation du patrimoine. Des prestations folkloriques viendront \u00e9galement illustrer la richesse et la diversit\u00e9 du legs culturel alg\u00e9rien et sa transmission \u00e0 travers les g\u00e9n\u00e9rations.<\/p>\n\n\n\n<p>Une attention particuli\u00e8re sera accord\u00e9e \u00e0 l\u2019articulation entre authenticit\u00e9 et modernit\u00e9, \u00e0 travers la pr\u00e9sentation d\u2019applications et de plateformes num\u00e9riques contribuant \u00e0 l\u2019int\u00e9gration de la langue amazighe dans l\u2019espace digital, et \u00e0 son utilisation comme outil de valorisation des sites arch\u00e9ologiques et historiques du pays.<\/p>\n\n\n\n<p>La manifestation s\u2019ach\u00e8vera par une soir\u00e9e artistique anim\u00e9e par le chanteur Rabah Asma, dans une ambiance festive c\u00e9l\u00e9brant l\u2019identit\u00e9 nationale et la diversit\u00e9 culturelle alg\u00e9rienne.<\/p>\n\n\n\n<p>\u00c0 travers cette initiative, la Radio alg\u00e9rienne r\u00e9affirme son engagement constant aux c\u00f4t\u00e9s des efforts nationaux visant \u00e0 prot\u00e9ger, promouvoir et valoriser le patrimoine national, tout en renfor\u00e7ant la conscience collective de sa valeur culturelle et civilisationnelle, en tant qu\u2019h\u00e9ritage national et humain commun.<\/p>\n\n\n\n<p>L.R.<\/p>\n\n\n\n<p><\/p>\n","protected":false},"excerpt":{"rendered":"<p>Le secr\u00e9taire g\u00e9n\u00e9ral du Haut-Commissariat \u00e0 l\u2019Amazighit\u00e9 (HCA), Si El Hachemi Assad, a affirm\u00e9 que la c\u00e9l\u00e9bration du Nouvel An amazigh, Yennayer, pr\u00e9vue lundi prochain, constitue un v\u00e9ritable \u00e9v\u00e9nement national f\u00e9d\u00e9rateur, une f\u00eate partag\u00e9e par l\u2019ensemble des Alg\u00e9riens, refl\u00e9tant l\u2019esprit d\u2019unit\u00e9, de coh\u00e9sion et de vivre-ensemble dans un pays riche par sa diversit\u00e9 culturelle et [&hellip;]<\/p>\n","protected":false},"author":3,"featured_media":3764,"comment_status":"open","ping_status":"open","sticky":false,"template":"","format":"standard","meta":{"footnotes":""},"categories":[2],"tags":[],"class_list":{"0":"post-3763","1":"post","2":"type-post","3":"status-publish","4":"format-standard","5":"has-post-thumbnail","7":"category-infos"},"_links":{"self":[{"href":"https:\/\/lequotidien-deconstantine.dz\/index.php?rest_route=\/wp\/v2\/posts\/3763","targetHints":{"allow":["GET"]}}],"collection":[{"href":"https:\/\/lequotidien-deconstantine.dz\/index.php?rest_route=\/wp\/v2\/posts"}],"about":[{"href":"https:\/\/lequotidien-deconstantine.dz\/index.php?rest_route=\/wp\/v2\/types\/post"}],"author":[{"embeddable":true,"href":"https:\/\/lequotidien-deconstantine.dz\/index.php?rest_route=\/wp\/v2\/users\/3"}],"replies":[{"embeddable":true,"href":"https:\/\/lequotidien-deconstantine.dz\/index.php?rest_route=%2Fwp%2Fv2%2Fcomments&post=3763"}],"version-history":[{"count":1,"href":"https:\/\/lequotidien-deconstantine.dz\/index.php?rest_route=\/wp\/v2\/posts\/3763\/revisions"}],"predecessor-version":[{"id":3765,"href":"https:\/\/lequotidien-deconstantine.dz\/index.php?rest_route=\/wp\/v2\/posts\/3763\/revisions\/3765"}],"wp:featuredmedia":[{"embeddable":true,"href":"https:\/\/lequotidien-deconstantine.dz\/index.php?rest_route=\/wp\/v2\/media\/3764"}],"wp:attachment":[{"href":"https:\/\/lequotidien-deconstantine.dz\/index.php?rest_route=%2Fwp%2Fv2%2Fmedia&parent=3763"}],"wp:term":[{"taxonomy":"category","embeddable":true,"href":"https:\/\/lequotidien-deconstantine.dz\/index.php?rest_route=%2Fwp%2Fv2%2Fcategories&post=3763"},{"taxonomy":"post_tag","embeddable":true,"href":"https:\/\/lequotidien-deconstantine.dz\/index.php?rest_route=%2Fwp%2Fv2%2Ftags&post=3763"}],"curies":[{"name":"wp","href":"https:\/\/api.w.org\/{rel}","templated":true}]}}