{"id":3777,"date":"2026-01-13T07:08:59","date_gmt":"2026-01-13T06:08:59","guid":{"rendered":"https:\/\/lequotidien-deconstantine.dz\/?p=3777"},"modified":"2026-01-13T07:09:02","modified_gmt":"2026-01-13T06:09:02","slug":"fm-est-ouest-la-radio-qui-vous-guide-sur-lautoroute","status":"publish","type":"post","link":"https:\/\/lequotidien-deconstantine.dz\/?p=3777","title":{"rendered":"FM Est-Ouest, la radio qui vous guide sur l\u2019autoroute"},"content":{"rendered":"\n<p>Une radio FM exclusivement consacr\u00e9e \u00e0 l\u2019autoroute Est-Ouest verra bient\u00f4t le jour. Pens\u00e9e comme un outil de service public, cette cha\u00eene aura pour mission d\u2019informer en temps r\u00e9el les automobilistes sur l\u2019\u00e9tat du trafic, les travaux en cours, les accidents, les perturbations et les difficult\u00e9s rencontr\u00e9es sur cet axe strat\u00e9gique.<\/p>\n\n\n\n<p>L\u2019annonce a \u00e9t\u00e9 faite par le directeur de l\u2019entretien de l\u2019Alg\u00e9rienne des Autoroutes (ADA), Ali Bouasla, invit\u00e9 de l\u2019\u00e9mission <em>L\u2019Invit\u00e9 du jour<\/em> sur la Cha\u00eene 3 de la Radio alg\u00e9rienne. \u00c0 travers ce projet, l\u2019ADA ambitionne d\u2019am\u00e9liorer la communication avec les usagers et de renforcer la pr\u00e9vention routi\u00e8re sur l\u2019une des infrastructures les plus fr\u00e9quent\u00e9es du pays.<\/p>\n\n\n\n<p>La cr\u00e9ation de cette radio s\u2019inscrit dans une dynamique plus large engag\u00e9e par l\u2019Alg\u00e9rienne des Autoroutes : replacer l\u2019usager au c\u0153ur de ses priorit\u00e9s. Selon M. Bouasla, l\u2019objectif est clair : offrir une information fiable, continue et accessible, afin de permettre aux conducteurs d\u2019adapter leurs trajets et de circuler dans de meilleures conditions de s\u00e9curit\u00e9.<\/p>\n\n\n\n<p>Cette initiative accompagne le lancement d\u2019une vaste op\u00e9ration nationale de maintenance du r\u00e9seau routier et autoroutier, destin\u00e9e \u00e0 fluidifier la circulation et \u00e0 renforcer la s\u00e9curit\u00e9 sur l\u2019ensemble du territoire.<\/p>\n\n\n\n<p><strong>Un plan d\u2019action ambitieux pour 2026<\/strong><\/p>\n\n\n\n<p>Profitant de cette intervention radiophonique, le responsable de l\u2019ADA a d\u00e9taill\u00e9 le plan d\u2019action de l\u2019entreprise pour l\u2019ann\u00e9e 2026, pr\u00e9sent\u00e9 comme un programme d\u2019investissement structurant pour la consolidation des infrastructures.<\/p>\n\n\n\n<p>Parmi les principales mesures pr\u00e9vues figure le lancement d\u2019une vaste op\u00e9ration de signalisation portant sur 700 kilom\u00e8tres de l\u2019autoroute Est-Ouest. Les travaux d\u00e9buteront prioritairement : \u00c0 l\u2019Est de Bordj Bou Arreridj jusqu\u2019\u00e0 El Tarf et \u00e0 l\u2019Ouest de Relizane jusqu\u2019\u00e0 Tlemcen<\/p>\n\n\n\n<p>Le tron\u00e7on Centre, reliant Bouira \u00e0 Chlef, sera pris en charge \u00e0 partir du deuxi\u00e8me semestre 2026.<\/p>\n\n\n\n<p>Le programme de l\u2019ADA comprend \u00e9galement des interventions lourdes sur les infrastructures existantes. Il est notamment pr\u00e9vu \u00e0 travers la fourniture et la pose de 2 832 kilom\u00e8tres de joints de chauss\u00e9e, concernant 83 ouvrages d\u2019art, le traitement des zones de glissement dans la wilaya de Tlemcen, et des op\u00e9rations de fraisage et de r\u00e9habilitation pour corriger les d\u00e9gradations les plus critiques.<\/p>\n\n\n\n<p>Pour assurer la r\u00e9ussite de ces chantiers, huit entreprises issues des secteurs public et priv\u00e9 ont \u00e9t\u00e9 mobilis\u00e9es, ainsi que 450 ouvriers et 60 engins sp\u00e9cialis\u00e9s.<\/p>\n\n\n\n<p>Revenant sur les actions men\u00e9es durant l\u2019ann\u00e9e 2025, Ali Bouasla a indiqu\u00e9 que l\u2019ADA a proc\u00e9d\u00e9 \u00e0 la r\u00e9paration de 28 kilom\u00e8tres d\u2019autoroute \u00e0 travers dix wilayas, principalement \u00e0 Bordj Bou Arreridj, Bouira et A\u00efn Defla.<\/p>\n\n\n\n<p>Par ailleurs, 365 m\u00e8tres lin\u00e9aires de joints de chauss\u00e9e ont \u00e9t\u00e9 remplac\u00e9s dans plusieurs ouvrages d\u2019art situ\u00e9s \u00e0 A\u00efn Defla, Alger et Boumerd\u00e8s.<br>\u00ab Nous avons encore 2 130 m\u00e8tres lin\u00e9aires \u00e0 r\u00e9parer. \u00c0 partir de 2026, une nouvelle op\u00e9ration couvrira 2 800 m\u00e8tres lin\u00e9aires suppl\u00e9mentaires et prendra en charge 85 ouvrages d\u2019art \u00bb, a pr\u00e9cis\u00e9 le responsable.<\/p>\n\n\n\n<p>Interrog\u00e9 sur la question du p\u00e9age, alors que certaines stations sont achev\u00e9es, le directeur de l\u2019entretien a \u00e9t\u00e9 cat\u00e9gorique : la mise \u00e0 p\u00e9age de l\u2019autoroute Est-Ouest n\u2019est pas \u00e0 l\u2019ordre du jour.<br>\u00ab Notre priorit\u00e9 est d\u2019offrir \u00e0 l\u2019usager une infrastructure s\u00fbre, fonctionnelle et bien entretenue \u00bb, a-t-il affirm\u00e9.<\/p>\n\n\n\n<p>L.R.<\/p>\n\n\n\n<p><\/p>\n","protected":false},"excerpt":{"rendered":"<p>Une radio FM exclusivement consacr\u00e9e \u00e0 l\u2019autoroute Est-Ouest verra bient\u00f4t le jour. Pens\u00e9e comme un outil de service public, cette cha\u00eene aura pour mission d\u2019informer en temps r\u00e9el les automobilistes sur l\u2019\u00e9tat du trafic, les travaux en cours, les accidents, les perturbations et les difficult\u00e9s rencontr\u00e9es sur cet axe strat\u00e9gique. L\u2019annonce a \u00e9t\u00e9 faite par [&hellip;]<\/p>\n","protected":false},"author":3,"featured_media":3778,"comment_status":"open","ping_status":"open","sticky":false,"template":"","format":"standard","meta":{"footnotes":""},"categories":[2,8],"tags":[],"class_list":{"0":"post-3777","1":"post","2":"type-post","3":"status-publish","4":"format-standard","5":"has-post-thumbnail","7":"category-infos","8":"category-economie"},"_links":{"self":[{"href":"https:\/\/lequotidien-deconstantine.dz\/index.php?rest_route=\/wp\/v2\/posts\/3777","targetHints":{"allow":["GET"]}}],"collection":[{"href":"https:\/\/lequotidien-deconstantine.dz\/index.php?rest_route=\/wp\/v2\/posts"}],"about":[{"href":"https:\/\/lequotidien-deconstantine.dz\/index.php?rest_route=\/wp\/v2\/types\/post"}],"author":[{"embeddable":true,"href":"https:\/\/lequotidien-deconstantine.dz\/index.php?rest_route=\/wp\/v2\/users\/3"}],"replies":[{"embeddable":true,"href":"https:\/\/lequotidien-deconstantine.dz\/index.php?rest_route=%2Fwp%2Fv2%2Fcomments&post=3777"}],"version-history":[{"count":1,"href":"https:\/\/lequotidien-deconstantine.dz\/index.php?rest_route=\/wp\/v2\/posts\/3777\/revisions"}],"predecessor-version":[{"id":3779,"href":"https:\/\/lequotidien-deconstantine.dz\/index.php?rest_route=\/wp\/v2\/posts\/3777\/revisions\/3779"}],"wp:featuredmedia":[{"embeddable":true,"href":"https:\/\/lequotidien-deconstantine.dz\/index.php?rest_route=\/wp\/v2\/media\/3778"}],"wp:attachment":[{"href":"https:\/\/lequotidien-deconstantine.dz\/index.php?rest_route=%2Fwp%2Fv2%2Fmedia&parent=3777"}],"wp:term":[{"taxonomy":"category","embeddable":true,"href":"https:\/\/lequotidien-deconstantine.dz\/index.php?rest_route=%2Fwp%2Fv2%2Fcategories&post=3777"},{"taxonomy":"post_tag","embeddable":true,"href":"https:\/\/lequotidien-deconstantine.dz\/index.php?rest_route=%2Fwp%2Fv2%2Ftags&post=3777"}],"curies":[{"name":"wp","href":"https:\/\/api.w.org\/{rel}","templated":true}]}}