{"id":3785,"date":"2026-01-14T07:26:33","date_gmt":"2026-01-14T06:26:33","guid":{"rendered":"https:\/\/lequotidien-deconstantine.dz\/?p=3785"},"modified":"2026-01-14T07:27:06","modified_gmt":"2026-01-14T06:27:06","slug":"statut-des-journalistes-un-cadre-juridique-protecteur","status":"publish","type":"post","link":"https:\/\/lequotidien-deconstantine.dz\/?p=3785","title":{"rendered":"Statut des journalistes\u00a0: Un cadre juridique protecteur"},"content":{"rendered":"\n<p>Le ministre de la Communication, M. Zoheir Bouamama, a indiqu\u00e9 ce mardi \u00e0 Alger que le projet de loi-cadre sur les journalistes se trouve actuellement au niveau du Secr\u00e9tariat g\u00e9n\u00e9ral du gouvernement pour \u00e9tude.<\/p>\n\n\n\n<p>C\u2019est ce qu\u2019a annonc\u00e9 le ministre lors de l\u2019ouverture d\u2019une journ\u00e9e d\u2019\u00e9tude intitul\u00e9e \u00ab Le respect du droit d\u2019auteur, pilier des m\u00e9dias modernes \u00bb, organis\u00e9e par le minist\u00e8re de la Communication en coordination avec le Bureau national du droit d\u2019auteur et des droits voisins, affirmant que le projet de d\u00e9cret ex\u00e9cutif contenant la loi cadre relative aux journalistes \u00ab se trouve actuellement au Secr\u00e9tariat g\u00e9n\u00e9ral du gouvernement pour \u00e9tude \u00bb.<\/p>\n\n\n\n<p>Le ministre a ajout\u00e9 que \u00ab&nbsp;le d\u00e9cret ex\u00e9cutif d\u00e9finissant les conditions et les modalit\u00e9s d\u2019octroi de la carte nationale du journaliste professionnel se trouve \u00e9galement au niveau du Secr\u00e9tariat g\u00e9n\u00e9ral du gouvernement&nbsp;\u00bb.<\/p>\n\n\n\n<p>Dans le m\u00eame contexte, M. Bouamama a expliqu\u00e9 que l\u2019Autorit\u00e9 nationale ind\u00e9pendante de r\u00e9gulation de l\u2019audiovisuel et l\u2019Autorit\u00e9 nationale ind\u00e9pendante de la presse \u00e9crite et \u00e9lectronique seront prochainement install\u00e9es, soulignant que ces textes visent \u00e0 \u00ab fournir les m\u00e9canismes permettant de consacrer et renforcer les droits du journaliste et son r\u00f4le central dans les m\u00e9dias modernes \u00bb, ainsi qu\u2019\u00e0 \u00ab garantir le respect du droit de l\u2019auteur journaliste \u00bb, conform\u00e9ment aux instructions du Pr\u00e9sident de la R\u00e9publique, M. Abdelmadjid Tebboune, \u00e0 ce sujet.<\/p>\n\n\n\n<p>Dans cette d\u00e9marche, le ministre de la Communication a soulign\u00e9 la volont\u00e9 de son secteur \u00ab d\u2019\u00e9tablir des bases l\u00e9gales et institutionnelles avanc\u00e9es, garantissant le respect du droit d\u2019auteur, en tant que pilier essentiel pour le d\u00e9veloppement des m\u00e9dias modernes et pour la production de contenus m\u00e9diatiques professionnels et fiables \u00bb.<\/p>\n\n\n\n<p>Il a \u00e9galement insist\u00e9 sur le r\u00f4le des journalistes alg\u00e9riens dans la protection du patrimoine culturel, qui \u00ab attire l\u2019attention des amateurs et des professionnels du pillage, en raison des empreintes de cr\u00e9ativit\u00e9 et de beaut\u00e9 qu\u2019il porte, capables de r\u00e9sister au temps et de repousser, par des arguments solides, les tentatives de d\u00e9sinformation qui ne nuiront ni \u00e0 notre h\u00e9ritage culturel ni aux innovations de nos pr\u00e9d\u00e9cesseurs \u00bb.<\/p>\n\n\n\n<p><strong>L\u2019importance de sensibiliser \u00e0 la protection des droits d\u2019auteur<\/strong><\/p>\n\n\n\n<p>Pour sa part, la ministre de la Culture et des Arts, Mme Malika Bendouda, a soulign\u00e9, dans un discours prononc\u00e9 en son nom par le directeur de son cabinet, M. Mohamed Sidi Moussa, l\u2019importance de sensibiliser \u00e0 la protection des droits d\u2019auteur, tout en travaillant \u00e0 renforcer le partenariat existant entre les secteurs de la communication et de la culture dans ce sens.<\/p>\n\n\n\n<p>De son c\u00f4t\u00e9, le directeur g\u00e9n\u00e9ral du Bureau national du droit d\u2019auteur et des droits voisins, M. Samir Tha\u00e2lbi, a salu\u00e9 l\u2019organisation de ce type de rencontres, qui constituent \u00ab une \u00e9tape importante dans le processus d\u2019organisation et de d\u00e9veloppement du paysage audiovisuel et de promotion de la culture du respect de la cr\u00e9ativit\u00e9 et des droits des cr\u00e9ateurs \u00bb. \u00c0 cette occasion, plusieurs conf\u00e9rences ont \u00e9t\u00e9 pr\u00e9sent\u00e9es, portant sur le cadre juridique de la protection des droits d\u2019auteur et l\u2019importance de la formation continue des journalistes.<\/p>\n\n\n\n<p><\/p>\n","protected":false},"excerpt":{"rendered":"<p>Le ministre de la Communication, M. Zoheir Bouamama, a indiqu\u00e9 ce mardi \u00e0 Alger que le projet de loi-cadre sur les journalistes se trouve actuellement au niveau du Secr\u00e9tariat g\u00e9n\u00e9ral du gouvernement pour \u00e9tude. C\u2019est ce qu\u2019a annonc\u00e9 le ministre lors de l\u2019ouverture d\u2019une journ\u00e9e d\u2019\u00e9tude intitul\u00e9e \u00ab Le respect du droit d\u2019auteur, pilier des [&hellip;]<\/p>\n","protected":false},"author":3,"featured_media":3786,"comment_status":"open","ping_status":"open","sticky":false,"template":"","format":"standard","meta":{"footnotes":""},"categories":[2],"tags":[],"class_list":{"0":"post-3785","1":"post","2":"type-post","3":"status-publish","4":"format-standard","5":"has-post-thumbnail","7":"category-infos"},"_links":{"self":[{"href":"https:\/\/lequotidien-deconstantine.dz\/index.php?rest_route=\/wp\/v2\/posts\/3785","targetHints":{"allow":["GET"]}}],"collection":[{"href":"https:\/\/lequotidien-deconstantine.dz\/index.php?rest_route=\/wp\/v2\/posts"}],"about":[{"href":"https:\/\/lequotidien-deconstantine.dz\/index.php?rest_route=\/wp\/v2\/types\/post"}],"author":[{"embeddable":true,"href":"https:\/\/lequotidien-deconstantine.dz\/index.php?rest_route=\/wp\/v2\/users\/3"}],"replies":[{"embeddable":true,"href":"https:\/\/lequotidien-deconstantine.dz\/index.php?rest_route=%2Fwp%2Fv2%2Fcomments&post=3785"}],"version-history":[{"count":2,"href":"https:\/\/lequotidien-deconstantine.dz\/index.php?rest_route=\/wp\/v2\/posts\/3785\/revisions"}],"predecessor-version":[{"id":3788,"href":"https:\/\/lequotidien-deconstantine.dz\/index.php?rest_route=\/wp\/v2\/posts\/3785\/revisions\/3788"}],"wp:featuredmedia":[{"embeddable":true,"href":"https:\/\/lequotidien-deconstantine.dz\/index.php?rest_route=\/wp\/v2\/media\/3786"}],"wp:attachment":[{"href":"https:\/\/lequotidien-deconstantine.dz\/index.php?rest_route=%2Fwp%2Fv2%2Fmedia&parent=3785"}],"wp:term":[{"taxonomy":"category","embeddable":true,"href":"https:\/\/lequotidien-deconstantine.dz\/index.php?rest_route=%2Fwp%2Fv2%2Fcategories&post=3785"},{"taxonomy":"post_tag","embeddable":true,"href":"https:\/\/lequotidien-deconstantine.dz\/index.php?rest_route=%2Fwp%2Fv2%2Ftags&post=3785"}],"curies":[{"name":"wp","href":"https:\/\/api.w.org\/{rel}","templated":true}]}}