{"id":3789,"date":"2026-01-14T07:28:15","date_gmt":"2026-01-14T06:28:15","guid":{"rendered":"https:\/\/lequotidien-deconstantine.dz\/?p=3789"},"modified":"2026-01-14T07:28:18","modified_gmt":"2026-01-14T06:28:18","slug":"industrie-automobile-opel-embrayederriere-fiat","status":"publish","type":"post","link":"https:\/\/lequotidien-deconstantine.dz\/?p=3789","title":{"rendered":"Industrie automobile\u00a0: Opel embraye\u2026derri\u00e8re Fiat"},"content":{"rendered":"\n<p>Le constructeur automobile allemand Opel a officiellement choisi l\u2019Alg\u00e9rie pour implanter un nouveau site de production hors d\u2019Europe, confirmant ainsi l\u2019attractivit\u00e9 retrouv\u00e9e du march\u00e9 automobile alg\u00e9rien. L\u2019annonce a \u00e9t\u00e9 faite ce mardi 13 janvier par Samir Cherfan, directeur du groupe Stellantis pour l\u2019Afrique et le Moyen-Orient.<\/p>\n\n\n\n<p>Le patron d\u2019Opel, Florian Huettl, a apport\u00e9 plusieurs pr\u00e9cisions sur ce projet strat\u00e9gique \u00e0 travers une publication sur LinkedIn, soulignant qu\u2019il s\u2019agit d\u2019une \u00ab expansion significative \u00bb de la pr\u00e9sence internationale de la marque dans la r\u00e9gion Moyen-Orient et Afrique, et d\u2019un engagement en faveur d\u2019une croissance durable \u00e0 long terme.<\/p>\n\n\n\n<p><strong>Une implantation m\u00fbrement pr\u00e9par\u00e9e<\/strong><\/p>\n\n\n\n<p>Selon le dirigeant allemand, l\u2019Alg\u00e9rie repr\u00e9sentait un march\u00e9 prioritaire pour Opel depuis au moins deux ans. \u00ab L\u2019Alg\u00e9rie a fait l\u2019objet d\u2019une attention particuli\u00e8re de notre part ces deux derni\u00e8res ann\u00e9es \u00bb, explique-t-il, mettant en avant le renforcement progressif des partenariats locaux.<\/p>\n\n\n\n<p>Ce travail de fond a abouti \u00e0 ce qu\u2019il qualifie de \u00ab prochaine \u00e9tape logique \u00bb : la cr\u00e9ation d\u2019une unit\u00e9 de production d\u00e9di\u00e9e en Alg\u00e9rie, destin\u00e9e \u00e0 servir le march\u00e9 national tout en venant compl\u00e9ter le dispositif industriel europ\u00e9en du constructeur.<\/p>\n\n\n\n<p><strong>Un projet inscrit dans la strat\u00e9gie de long terme d\u2019Opel<\/strong><\/p>\n\n\n\n<p>Pour Florian Huettl, cette d\u00e9cision d\u00e9passe le simple choix industriel. Elle s\u2019inscrit dans l\u2019orientation strat\u00e9gique globale de la marque. \u00ab La production locale, l\u2019int\u00e9gration industrielle et l\u2019investissement \u00e0 long terme sont des leviers essentiels d\u2019une croissance durable, au b\u00e9n\u00e9fice des clients, des partenaires et de l\u2019industrie locale \u00bb, a-t-il affirm\u00e9.<\/p>\n\n\n\n<p>Le dirigeant a \u00e9galement assur\u00e9 que la marque entend maintenir ses standards de qualit\u00e9. \u00ab Nous restons engag\u00e9s \u00e0 offrir la qualit\u00e9 reconnue de l\u2019ing\u00e9nierie allemande, fi\u00e8rement produite en Alg\u00e9rie \u00bb, a-t-il d\u00e9clar\u00e9. Aucune information n\u2019a toutefois \u00e9t\u00e9 communiqu\u00e9e \u00e0 ce stade concernant la capacit\u00e9 de production, le montant de l\u2019investissement ou le calendrier de mise en service de l\u2019usine.<\/p>\n\n\n\n<p><strong>Opel, une marque historique du paysage automobile<\/strong><\/p>\n\n\n\n<p>Fond\u00e9e en 1862 en Allemagne par Adam Opel, la marque fait partie des acteurs historiques de l\u2019industrie automobile mondiale. Elle a appartenu pendant pr\u00e8s d\u2019un si\u00e8cle au groupe am\u00e9ricain General Motors (1929-2017), avant d\u2019\u00eatre rachet\u00e9e par le groupe fran\u00e7ais PSA (Peugeot-Citro\u00ebn), puis int\u00e9gr\u00e9e en 2021 \u00e0 l\u2019alliance Stellantis.<\/p>\n\n\n\n<p><strong>Stellantis renforce son ancrage industriel en Alg\u00e9rie<\/strong><\/p>\n\n\n\n<p>Avec Opel, il s\u2019agit de la deuxi\u00e8me marque du groupe Stellantis \u00e0 engager un projet industriel en Alg\u00e9rie, apr\u00e8s Fiat. L\u2019usine Fiat de Tafraoui, pr\u00e8s d\u2019Oran, a en effet entam\u00e9 sa production en d\u00e9cembre 2023.<\/p>\n\n\n\n<p>Comme Fiat, Opel a effectu\u00e9 son retour sur le march\u00e9 alg\u00e9rien en mars 2023, avant de lancer officiellement ses activit\u00e9s commerciales en novembre de la m\u00eame ann\u00e9e avec trois mod\u00e8les : la Corsa, le Mokka et le Grandland.<\/p>\n\n\n\n<p><strong>Alfa Romeo \u00e9galement dans les radars<\/strong><\/p>\n\n\n\n<p>L\u2019ambition industrielle de Stellantis en Alg\u00e9rie pourrait ne pas s\u2019arr\u00eater l\u00e0. En mai dernier, Samir Cherfan avait indiqu\u00e9 que le groupe envisageait \u00e9galement l\u2019assemblage de v\u00e9hicules de la marque italienne Alfa Romeo sur le territoire national, ouvrant la voie \u00e0 un v\u00e9ritable p\u00f4le automobile multimarques.<\/p>\n\n\n\n<p>S.B.<\/p>\n\n\n\n<p><\/p>\n","protected":false},"excerpt":{"rendered":"<p>Le constructeur automobile allemand Opel a officiellement choisi l\u2019Alg\u00e9rie pour implanter un nouveau site de production hors d\u2019Europe, confirmant ainsi l\u2019attractivit\u00e9 retrouv\u00e9e du march\u00e9 automobile alg\u00e9rien. L\u2019annonce a \u00e9t\u00e9 faite ce mardi 13 janvier par Samir Cherfan, directeur du groupe Stellantis pour l\u2019Afrique et le Moyen-Orient. Le patron d\u2019Opel, Florian Huettl, a apport\u00e9 plusieurs pr\u00e9cisions [&hellip;]<\/p>\n","protected":false},"author":3,"featured_media":3790,"comment_status":"open","ping_status":"open","sticky":false,"template":"","format":"standard","meta":{"footnotes":""},"categories":[2,8],"tags":[],"class_list":{"0":"post-3789","1":"post","2":"type-post","3":"status-publish","4":"format-standard","5":"has-post-thumbnail","7":"category-infos","8":"category-economie"},"_links":{"self":[{"href":"https:\/\/lequotidien-deconstantine.dz\/index.php?rest_route=\/wp\/v2\/posts\/3789","targetHints":{"allow":["GET"]}}],"collection":[{"href":"https:\/\/lequotidien-deconstantine.dz\/index.php?rest_route=\/wp\/v2\/posts"}],"about":[{"href":"https:\/\/lequotidien-deconstantine.dz\/index.php?rest_route=\/wp\/v2\/types\/post"}],"author":[{"embeddable":true,"href":"https:\/\/lequotidien-deconstantine.dz\/index.php?rest_route=\/wp\/v2\/users\/3"}],"replies":[{"embeddable":true,"href":"https:\/\/lequotidien-deconstantine.dz\/index.php?rest_route=%2Fwp%2Fv2%2Fcomments&post=3789"}],"version-history":[{"count":1,"href":"https:\/\/lequotidien-deconstantine.dz\/index.php?rest_route=\/wp\/v2\/posts\/3789\/revisions"}],"predecessor-version":[{"id":3791,"href":"https:\/\/lequotidien-deconstantine.dz\/index.php?rest_route=\/wp\/v2\/posts\/3789\/revisions\/3791"}],"wp:featuredmedia":[{"embeddable":true,"href":"https:\/\/lequotidien-deconstantine.dz\/index.php?rest_route=\/wp\/v2\/media\/3790"}],"wp:attachment":[{"href":"https:\/\/lequotidien-deconstantine.dz\/index.php?rest_route=%2Fwp%2Fv2%2Fmedia&parent=3789"}],"wp:term":[{"taxonomy":"category","embeddable":true,"href":"https:\/\/lequotidien-deconstantine.dz\/index.php?rest_route=%2Fwp%2Fv2%2Fcategories&post=3789"},{"taxonomy":"post_tag","embeddable":true,"href":"https:\/\/lequotidien-deconstantine.dz\/index.php?rest_route=%2Fwp%2Fv2%2Ftags&post=3789"}],"curies":[{"name":"wp","href":"https:\/\/api.w.org\/{rel}","templated":true}]}}