{"id":3837,"date":"2026-01-19T23:19:26","date_gmt":"2026-01-19T22:19:26","guid":{"rendered":"https:\/\/lequotidien-deconstantine.dz\/?p=3837"},"modified":"2026-01-19T23:19:28","modified_gmt":"2026-01-19T22:19:28","slug":"formation-professionnelle-plus-de-9-000-postes-pour-la-session-de-fevrier-2026","status":"publish","type":"post","link":"https:\/\/lequotidien-deconstantine.dz\/?p=3837","title":{"rendered":"Formation professionnelle\u00a0: Plus de 9 000 postes pour la session de f\u00e9vrier 2026"},"content":{"rendered":"\n<p>La deuxi\u00e8me session de l\u2019ann\u00e9e 2026 du secteur de la formation et de l\u2019enseignement professionnels, programm\u00e9e pour f\u00e9vrier, se pr\u00e9pare activement. Au si\u00e8ge de la Direction de la Formation et de l\u2019Enseignement Professionnels (DFEP), une r\u00e9union a r\u00e9cemment r\u00e9uni les directeurs des 25 \u00e9tablissements de la wilaya de Constantine pour finaliser les pr\u00e9paratifs de cette session particuli\u00e8re.<\/p>\n\n\n\n<p>Cette session, qui se d\u00e9roule en plein milieu de l\u2019ann\u00e9e scolaire, se distingue par son caract\u00e8re strat\u00e9gique et intensif. Plus de 9 000 postes p\u00e9dagogiques seront propos\u00e9s aux candidats, offrant ainsi une nouvelle opportunit\u00e9 aux jeunes n\u2019ayant pas pu participer \u00e0 la pr\u00e9c\u00e9dente session. Les conseillers du secteur insistent sur la n\u00e9cessit\u00e9 d\u2019un double effort, tant pour informer que pour convaincre les jeunes encore ind\u00e9cis dans le choix de leur sp\u00e9cialit\u00e9 ou de leur m\u00e9tier, en ad\u00e9quation avec leurs aptitudes et aspirations.<\/p>\n\n\n\n<p>Pour atteindre cet objectif, des portes ouvertes sur le secteur de la formation professionnelle seront organis\u00e9es dans les jours \u00e0 venir. Ces manifestations permettront aux participants de pr\u00e9senter les diff\u00e9rentes fili\u00e8res, de sensibiliser les jeunes et de leur offrir un accompagnement dans le choix des m\u00e9tiers les plus adapt\u00e9s aux besoins du march\u00e9 du travail. Comme le rappellent les responsables du secteur, le temps est aux m\u00e9tiers, et l\u2019acquisition d\u2019une qualification professionnelle devient une \u00e9tape incontournable pour l\u2019insertion dans le monde du travail.<\/p>\n\n\n\n<p>La cl\u00f4ture des inscriptions pour cette session, ouverte depuis le 14 d\u00e9cembre 2025, est fix\u00e9e au 7 f\u00e9vrier 2026. Les candidats optant pour le mode r\u00e9sidentiel seront soumis \u00e0 des tests de s\u00e9lection destin\u00e9s \u00e0 \u00e9valuer leurs pr\u00e9requis et \u00e0 orienter leurs parcours de formation de mani\u00e8re optimale.<\/p>\n\n\n\n<p><strong>La radio au service de l\u2019information et de la sensibilisation<\/strong><\/p>\n\n\n\n<p>Dans le cadre de sa strat\u00e9gie de proximit\u00e9 avec les jeunes et le grand public, le secteur de la formation professionnelle collabore activement avec la station r\u00e9gionale de radio de Constantine. Chaque mercredi, de 16h \u00e0 17h, les chefs d\u2019\u00e9tablissements et conseillers du secteur animent des \u00e9missions visant \u00e0 informer, sensibiliser et orienter les jeunes vers les m\u00e9tiers et sp\u00e9cialit\u00e9s propos\u00e9s lors de la session de f\u00e9vrier 2026.<\/p>\n\n\n\n<p>Selon Foula Djerboua, animatrice de la station, ces rendez-vous hebdomadaires permettent \u00e9galement aux cadres du secteur de tisser des liens directs avec les auditeurs et de r\u00e9pondre aux probl\u00e9matiques rencontr\u00e9es par les jeunes dans leur parcours de formation. Pour El Moussadek Serghma, directeur du CFPA Salah Lebssir \u00e0 Ain S\u2019mara, ces initiatives contribuent \u00e0 r\u00e9soudre de nombreux probl\u00e8mes li\u00e9s \u00e0 l\u2019information et \u00e0 l\u2019orientation professionnelle.<\/p>\n\n\n\n<p>Darine Gherboudj, directrice du CFPA Med Sid, souligne que ces s\u00e9ances r\u00e9pondent \u00e0 une exigence croissante de la jeunesse, qui, faute de cadres appropri\u00e9s d\u2019expression, se tourne souvent vers les r\u00e9seaux sociaux pour s\u2019informer et partager ses pr\u00e9occupations. Les \u00e9missions radio offrent donc un cadre d\u2019\u00e9change officiel, permettant de transmettre un message clair : l\u2019insertion professionnelle passe in\u00e9vitablement par l\u2019apprentissage d\u2019un m\u00e9tier, voire de plusieurs.<\/p>\n\n\n\n<p>Cette approche s\u2019inscrit dans une volont\u00e9 globale du secteur de la formation professionnelle de mettre en place des dispositifs d\u2019accompagnement et d\u2019information modernes, adapt\u00e9s aux besoins d\u2019une jeunesse exigeante et \u00e0 l\u2019\u00e9volution du march\u00e9 du travail.<\/p>\n\n\n\n<p>Rappelons que la date limite d\u2019inscription pour la session de f\u00e9vrier 2026 est fix\u00e9e au 7 f\u00e9vrier, offrant ainsi aux candidats encore h\u00e9sitants la possibilit\u00e9 de se pr\u00e9parer et de s\u2019inscrire \u00e0 temps pour cette session d\u00e9cisive.<\/p>\n\n\n\n<p><strong>L.R.<\/strong><\/p>\n\n\n\n<p><\/p>\n","protected":false},"excerpt":{"rendered":"<p>La deuxi\u00e8me session de l\u2019ann\u00e9e 2026 du secteur de la formation et de l\u2019enseignement professionnels, programm\u00e9e pour f\u00e9vrier, se pr\u00e9pare activement. Au si\u00e8ge de la Direction de la Formation et de l\u2019Enseignement Professionnels (DFEP), une r\u00e9union a r\u00e9cemment r\u00e9uni les directeurs des 25 \u00e9tablissements de la wilaya de Constantine pour finaliser les pr\u00e9paratifs de cette [&hellip;]<\/p>\n","protected":false},"author":3,"featured_media":3838,"comment_status":"open","ping_status":"open","sticky":false,"template":"","format":"standard","meta":{"footnotes":""},"categories":[4],"tags":[],"class_list":{"0":"post-3837","1":"post","2":"type-post","3":"status-publish","4":"format-standard","5":"has-post-thumbnail","7":"category-actuest"},"_links":{"self":[{"href":"https:\/\/lequotidien-deconstantine.dz\/index.php?rest_route=\/wp\/v2\/posts\/3837","targetHints":{"allow":["GET"]}}],"collection":[{"href":"https:\/\/lequotidien-deconstantine.dz\/index.php?rest_route=\/wp\/v2\/posts"}],"about":[{"href":"https:\/\/lequotidien-deconstantine.dz\/index.php?rest_route=\/wp\/v2\/types\/post"}],"author":[{"embeddable":true,"href":"https:\/\/lequotidien-deconstantine.dz\/index.php?rest_route=\/wp\/v2\/users\/3"}],"replies":[{"embeddable":true,"href":"https:\/\/lequotidien-deconstantine.dz\/index.php?rest_route=%2Fwp%2Fv2%2Fcomments&post=3837"}],"version-history":[{"count":1,"href":"https:\/\/lequotidien-deconstantine.dz\/index.php?rest_route=\/wp\/v2\/posts\/3837\/revisions"}],"predecessor-version":[{"id":3839,"href":"https:\/\/lequotidien-deconstantine.dz\/index.php?rest_route=\/wp\/v2\/posts\/3837\/revisions\/3839"}],"wp:featuredmedia":[{"embeddable":true,"href":"https:\/\/lequotidien-deconstantine.dz\/index.php?rest_route=\/wp\/v2\/media\/3838"}],"wp:attachment":[{"href":"https:\/\/lequotidien-deconstantine.dz\/index.php?rest_route=%2Fwp%2Fv2%2Fmedia&parent=3837"}],"wp:term":[{"taxonomy":"category","embeddable":true,"href":"https:\/\/lequotidien-deconstantine.dz\/index.php?rest_route=%2Fwp%2Fv2%2Fcategories&post=3837"},{"taxonomy":"post_tag","embeddable":true,"href":"https:\/\/lequotidien-deconstantine.dz\/index.php?rest_route=%2Fwp%2Fv2%2Ftags&post=3837"}],"curies":[{"name":"wp","href":"https:\/\/api.w.org\/{rel}","templated":true}]}}