{"id":3840,"date":"2026-01-19T23:20:24","date_gmt":"2026-01-19T22:20:24","guid":{"rendered":"https:\/\/lequotidien-deconstantine.dz\/?p=3840"},"modified":"2026-01-19T23:20:27","modified_gmt":"2026-01-19T22:20:27","slug":"secteur-agricole-mecanisation-modernisation-et-optimisation","status":"publish","type":"post","link":"https:\/\/lequotidien-deconstantine.dz\/?p=3840","title":{"rendered":"Secteur agricole\u00a0: M\u00e9canisation, modernisation et optimisation"},"content":{"rendered":"\n<p>Dans le cadre de sa politique de soutien et de modernisation du secteur agricole, le pr\u00e9sident de la R\u00e9publique, Abdelmadjid Tebboune, a pr\u00e9sid\u00e9 ce lundi une r\u00e9union de travail enti\u00e8rement consacr\u00e9e \u00e0 la m\u00e9canisation agricole, marquant ainsi une \u00e9tape d\u00e9cisive dans la strat\u00e9gie nationale de d\u00e9veloppement agricole et de souverainet\u00e9 alimentaire.<\/p>\n\n\n\n<p>Au cours de cette rencontre, plusieurs d\u00e9cisions strat\u00e9giques ont \u00e9t\u00e9 annonc\u00e9es pour renforcer la production nationale, accro\u00eetre les rendements et faciliter l\u2019acc\u00e8s des agriculteurs aux outils modernes. L\u2019une des mesures phares est la cr\u00e9ation de coop\u00e9ratives sp\u00e9cialis\u00e9es dans la location de mat\u00e9riel agricole, couvrant tous types d\u2019\u00e9quipements, qu\u2019il s\u2019agisse de tracteurs, moissonneuses-batteuses ou autres machines agricoles. L\u2019objectif est clair : permettre aux agriculteurs, quelle que soit la taille de leur exploitation, de b\u00e9n\u00e9ficier d\u2019un \u00e9quipement performant, afin d\u2019\u00e9tendre les surfaces cultiv\u00e9es et d\u2019optimiser les rendements, conform\u00e9ment aux recommandations de la derni\u00e8re r\u00e9union du Conseil des ministres.<\/p>\n\n\n\n<p>Parall\u00e8lement, le pr\u00e9sident Tebboune a d\u00e9cid\u00e9 la mise en place d\u2019un conseil national de la m\u00e9canisation agricole, charg\u00e9 de coordonner les politiques publiques, de suivre les programmes sectoriels et de proposer des initiatives pour accompagner l\u2019essor du secteur. Ce conseil sera un acteur central dans la planification, l\u2019\u00e9valuation et l\u2019orientation des programmes li\u00e9s \u00e0 la m\u00e9canisation et \u00e0 l\u2019introduction des nouvelles technologies agricoles.<\/p>\n\n\n\n<p>La r\u00e9union a r\u00e9uni les principaux d\u00e9cideurs du pays et des acteurs cl\u00e9s de l\u2019industrie agricole. Y ont pris part notamment le directeur de Cabinet de la Pr\u00e9sidence, le Premier ministre, le ministre de l\u2019Agriculture, du D\u00e9veloppement rural et de la P\u00eache, le ministre de l\u2019Industrie, le ministre du Commerce ext\u00e9rieur et de la Promotion des exportations, ainsi que des repr\u00e9sentants de soci\u00e9t\u00e9s et d\u2019entreprises alg\u00e9riennes sp\u00e9cialis\u00e9es dans la fabrication et la production de mat\u00e9riel agricole. Cette composition illustre la volont\u00e9 de cr\u00e9er une synergie entre pouvoirs publics et acteurs \u00e9conomiques pour accompagner le d\u00e9veloppement du secteur.<\/p>\n\n\n\n<p>Ces initiatives s\u2019inscrivent dans une strat\u00e9gie globale visant \u00e0 moderniser le secteur agricole, en introduisant des m\u00e9thodes de production plus efficaces et en favorisant l\u2019innovation technologique. Elles traduisent \u00e9galement l\u2019ambition des autorit\u00e9s alg\u00e9riennes de renforcer la souverainet\u00e9 alimentaire du pays, tout en pr\u00e9parant le terrain pour une agriculture plus productive et durable. L\u2019acc\u00e8s facilit\u00e9 aux \u00e9quipements, la coordination nationale des politiques et l\u2019appui aux exploitations de toutes tailles devraient permettre d\u2019am\u00e9liorer la comp\u00e9titivit\u00e9 du secteur et de r\u00e9pondre aux besoins croissants de la population. L.R.<\/p>\n\n\n\n<p><\/p>\n","protected":false},"excerpt":{"rendered":"<p>Dans le cadre de sa politique de soutien et de modernisation du secteur agricole, le pr\u00e9sident de la R\u00e9publique, Abdelmadjid Tebboune, a pr\u00e9sid\u00e9 ce lundi une r\u00e9union de travail enti\u00e8rement consacr\u00e9e \u00e0 la m\u00e9canisation agricole, marquant ainsi une \u00e9tape d\u00e9cisive dans la strat\u00e9gie nationale de d\u00e9veloppement agricole et de souverainet\u00e9 alimentaire. Au cours de cette [&hellip;]<\/p>\n","protected":false},"author":3,"featured_media":3841,"comment_status":"open","ping_status":"open","sticky":false,"template":"","format":"standard","meta":{"footnotes":""},"categories":[2],"tags":[],"class_list":{"0":"post-3840","1":"post","2":"type-post","3":"status-publish","4":"format-standard","5":"has-post-thumbnail","7":"category-infos"},"_links":{"self":[{"href":"https:\/\/lequotidien-deconstantine.dz\/index.php?rest_route=\/wp\/v2\/posts\/3840","targetHints":{"allow":["GET"]}}],"collection":[{"href":"https:\/\/lequotidien-deconstantine.dz\/index.php?rest_route=\/wp\/v2\/posts"}],"about":[{"href":"https:\/\/lequotidien-deconstantine.dz\/index.php?rest_route=\/wp\/v2\/types\/post"}],"author":[{"embeddable":true,"href":"https:\/\/lequotidien-deconstantine.dz\/index.php?rest_route=\/wp\/v2\/users\/3"}],"replies":[{"embeddable":true,"href":"https:\/\/lequotidien-deconstantine.dz\/index.php?rest_route=%2Fwp%2Fv2%2Fcomments&post=3840"}],"version-history":[{"count":1,"href":"https:\/\/lequotidien-deconstantine.dz\/index.php?rest_route=\/wp\/v2\/posts\/3840\/revisions"}],"predecessor-version":[{"id":3842,"href":"https:\/\/lequotidien-deconstantine.dz\/index.php?rest_route=\/wp\/v2\/posts\/3840\/revisions\/3842"}],"wp:featuredmedia":[{"embeddable":true,"href":"https:\/\/lequotidien-deconstantine.dz\/index.php?rest_route=\/wp\/v2\/media\/3841"}],"wp:attachment":[{"href":"https:\/\/lequotidien-deconstantine.dz\/index.php?rest_route=%2Fwp%2Fv2%2Fmedia&parent=3840"}],"wp:term":[{"taxonomy":"category","embeddable":true,"href":"https:\/\/lequotidien-deconstantine.dz\/index.php?rest_route=%2Fwp%2Fv2%2Fcategories&post=3840"},{"taxonomy":"post_tag","embeddable":true,"href":"https:\/\/lequotidien-deconstantine.dz\/index.php?rest_route=%2Fwp%2Fv2%2Ftags&post=3840"}],"curies":[{"name":"wp","href":"https:\/\/api.w.org\/{rel}","templated":true}]}}