{"id":3848,"date":"2026-01-20T23:16:49","date_gmt":"2026-01-20T22:16:49","guid":{"rendered":"https:\/\/lequotidien-deconstantine.dz\/?p=3848"},"modified":"2026-01-20T23:16:51","modified_gmt":"2026-01-20T22:16:51","slug":"changements-climatiques-la-formation-au-coeur-de-ladaptation-locale","status":"publish","type":"post","link":"https:\/\/lequotidien-deconstantine.dz\/?p=3848","title":{"rendered":"Changements climatiques\u00a0: La formation au coeur de l\u2019adaptation locale"},"content":{"rendered":"\n<p>La Maison de l\u2019Environnement de la wilaya de Constantine a accueilli, ce mardi, une session de formation d\u00e9di\u00e9e \u00e0 l\u2019adaptation aux changements climatiques. Cette initiative vise \u00e0 renforcer les comp\u00e9tences des acteurs locaux et des repr\u00e9sentants des collectivit\u00e9s territoriales en vue d\u2019int\u00e9grer de mani\u00e8re effective la dimension climatique dans les plans de d\u00e9veloppement sectoriels et territoriaux.<\/p>\n\n\n\n<p>Organis\u00e9e dans le cadre du Plan national d\u2019adaptation aux changements climatiques (PNA) et en partenariat avec le Programme des Nations Unies pour le D\u00e9veloppement (PNUD), cette&nbsp;formation de trois jours marque la premi\u00e8re \u00e9tape d\u2019un programme national appel\u00e9 \u00e0 s\u2019\u00e9tendre \u00e0 28 wilayas.&nbsp;<\/p>\n\n\n\n<p>Selon Mme Asma Kessouar, charg\u00e9e de l\u2019information, de la sensibilisation et de l\u2019\u00e9ducation environnementale \u00e0 la Direction de l\u2019Environnement de Constantine, cette session met l\u2019accent sur la planification strat\u00e9gique et la mise en \u0153uvre de mesures concr\u00e8tes pour faire face \u00e0 la s\u00e9cheresse, \u00e0 la rar\u00e9faction des ressources en eau et aux autres impacts des d\u00e9r\u00e8glements climatiques sur les territoires locaux, a-t-elle pr\u00e9cis\u00e9. Elle constitue \u00e9galement un espace de concertation, favorisant la coordination entre les administrations locales, les acteurs du secteur environnemental et la soci\u00e9t\u00e9 civile, afin de renforcer les connaissances et les m\u00e9canismes d\u2019adaptation durable.<\/p>\n\n\n\n<p><strong>Approche multisectorielle<\/strong><\/p>\n\n\n\n<p>Le programme repose sur une approche multisectorielle et int\u00e9gr\u00e9e, mobilisant plusieurs secteurs cl\u00e9s \u00e9troitement li\u00e9s aux enjeux climatiques, notamment l\u2019agriculture, les ressources hydriques, l\u2019\u00e9nergie, la sant\u00e9, l\u2019enseignement sup\u00e9rieur et l\u2019habitat. Par ailleurs, la formation est encadr\u00e9e par des experts sp\u00e9cialis\u00e9s, qui proposent des modules approfondis destin\u00e9s \u00e0 am\u00e9liorer les comp\u00e9tences techniques et strat\u00e9giques des cadres locaux, tout en leur fournissant les outils n\u00e9cessaires pour adapter la planification urbaine et le d\u00e9veloppement local aux exigences de flexibilit\u00e9 et de r\u00e9silience face aux d\u00e9fis environnementaux.<\/p>\n\n\n\n<p>En misant sur le renforcement des comp\u00e9tences et la coordination des acteurs locaux, ce programme contribue ainsi \u00e0 pr\u00e9parer les territoires \u00e0 faire face aux mutations climatiques, ouvrant la voie \u00e0 des collectivit\u00e9s plus r\u00e9silientes, durables et capables de pr\u00e9server \u00e0 la fois les populations et les ressources naturelles.<\/p>\n\n\n\n<p>Le PNUD est l\u2019agence de l\u2019ONU charg\u00e9e d\u2019aider les pays \u00e0 r\u00e9duire la pauvret\u00e9, renforcer la gouvernance, prot\u00e9ger l&rsquo;environnement et acc\u00e9l\u00e9rer le d\u00e9veloppement durable<strong>.<br><\/strong>Pr\u00e9sent dans plus de 170 pays, il accompagne les \u00c9tats par l\u2019expertise, le financement et l\u2019innovation pour atteindre les objectifs de d\u00e9veloppement durable (ODD)<strong>.<\/strong><\/p>\n\n\n\n<p>En r\u00e9sum\u00e9, le PNUD agit comme un partenaire du d\u00e9veloppement, au service de soci\u00e9t\u00e9s plus inclusives, r\u00e9silientes et \u00e9quitables.<\/p>\n\n\n\n<p>&nbsp;&nbsp;&nbsp;&nbsp;&nbsp;&nbsp;&nbsp;&nbsp;&nbsp;&nbsp;&nbsp;&nbsp;&nbsp;&nbsp;&nbsp;&nbsp;&nbsp;&nbsp;&nbsp;&nbsp;&nbsp;&nbsp;&nbsp;&nbsp;&nbsp;&nbsp;&nbsp;&nbsp;&nbsp;&nbsp;&nbsp;&nbsp;&nbsp;&nbsp;&nbsp;&nbsp;&nbsp;&nbsp;&nbsp;&nbsp;&nbsp;&nbsp;&nbsp;&nbsp;&nbsp;&nbsp;&nbsp;&nbsp;&nbsp;&nbsp;&nbsp;&nbsp;&nbsp;&nbsp;&nbsp;&nbsp;&nbsp;&nbsp;&nbsp;&nbsp;&nbsp;&nbsp;&nbsp;&nbsp;&nbsp;&nbsp;&nbsp;&nbsp;&nbsp;&nbsp;&nbsp;&nbsp;&nbsp;&nbsp;&nbsp;&nbsp;&nbsp;&nbsp;&nbsp;&nbsp;&nbsp;&nbsp;&nbsp;&nbsp;&nbsp;&nbsp;&nbsp;&nbsp;&nbsp;&nbsp;&nbsp;&nbsp;&nbsp;&nbsp;&nbsp;&nbsp;&nbsp;&nbsp;&nbsp;&nbsp;&nbsp;&nbsp;&nbsp;&nbsp; Soumeya B.M<\/p>\n\n\n\n<p><\/p>\n","protected":false},"excerpt":{"rendered":"<p>La Maison de l\u2019Environnement de la wilaya de Constantine a accueilli, ce mardi, une session de formation d\u00e9di\u00e9e \u00e0 l\u2019adaptation aux changements climatiques. Cette initiative vise \u00e0 renforcer les comp\u00e9tences des acteurs locaux et des repr\u00e9sentants des collectivit\u00e9s territoriales en vue d\u2019int\u00e9grer de mani\u00e8re effective la dimension climatique dans les plans de d\u00e9veloppement sectoriels et [&hellip;]<\/p>\n","protected":false},"author":3,"featured_media":3849,"comment_status":"open","ping_status":"open","sticky":false,"template":"","format":"standard","meta":{"footnotes":""},"categories":[4],"tags":[],"class_list":{"0":"post-3848","1":"post","2":"type-post","3":"status-publish","4":"format-standard","5":"has-post-thumbnail","7":"category-actuest"},"_links":{"self":[{"href":"https:\/\/lequotidien-deconstantine.dz\/index.php?rest_route=\/wp\/v2\/posts\/3848","targetHints":{"allow":["GET"]}}],"collection":[{"href":"https:\/\/lequotidien-deconstantine.dz\/index.php?rest_route=\/wp\/v2\/posts"}],"about":[{"href":"https:\/\/lequotidien-deconstantine.dz\/index.php?rest_route=\/wp\/v2\/types\/post"}],"author":[{"embeddable":true,"href":"https:\/\/lequotidien-deconstantine.dz\/index.php?rest_route=\/wp\/v2\/users\/3"}],"replies":[{"embeddable":true,"href":"https:\/\/lequotidien-deconstantine.dz\/index.php?rest_route=%2Fwp%2Fv2%2Fcomments&post=3848"}],"version-history":[{"count":1,"href":"https:\/\/lequotidien-deconstantine.dz\/index.php?rest_route=\/wp\/v2\/posts\/3848\/revisions"}],"predecessor-version":[{"id":3850,"href":"https:\/\/lequotidien-deconstantine.dz\/index.php?rest_route=\/wp\/v2\/posts\/3848\/revisions\/3850"}],"wp:featuredmedia":[{"embeddable":true,"href":"https:\/\/lequotidien-deconstantine.dz\/index.php?rest_route=\/wp\/v2\/media\/3849"}],"wp:attachment":[{"href":"https:\/\/lequotidien-deconstantine.dz\/index.php?rest_route=%2Fwp%2Fv2%2Fmedia&parent=3848"}],"wp:term":[{"taxonomy":"category","embeddable":true,"href":"https:\/\/lequotidien-deconstantine.dz\/index.php?rest_route=%2Fwp%2Fv2%2Fcategories&post=3848"},{"taxonomy":"post_tag","embeddable":true,"href":"https:\/\/lequotidien-deconstantine.dz\/index.php?rest_route=%2Fwp%2Fv2%2Ftags&post=3848"}],"curies":[{"name":"wp","href":"https:\/\/api.w.org\/{rel}","templated":true}]}}