{"id":3858,"date":"2026-01-22T06:59:22","date_gmt":"2026-01-22T05:59:22","guid":{"rendered":"https:\/\/lequotidien-deconstantine.dz\/?p=3858"},"modified":"2026-01-22T06:59:25","modified_gmt":"2026-01-22T05:59:25","slug":"medicaments-gratuits-la-cnas-elargit-la-protection","status":"publish","type":"post","link":"https:\/\/lequotidien-deconstantine.dz\/?p=3858","title":{"rendered":"M\u00e9dicaments gratuits\u00a0: La CNAS \u00e9largit la protection"},"content":{"rendered":"\n<p>L\u2019Alg\u00e9rie franchit une nouvelle \u00e9tape dans le renforcement de sa politique de protection sociale. La Caisse nationale des assurances sociales (CNAS) a officiellement lanc\u00e9, le 19 du mois en cours, une carte \u00e9lectronique destin\u00e9e \u00e0 garantir l\u2019acc\u00e8s gratuit aux m\u00e9dicaments pour les personnes d\u00e9munies d\u00e9pourvues de toute couverture sociale. Un dispositif in\u00e9dit, pr\u00e9sent\u00e9 comme une avanc\u00e9e majeure vers plus d\u2019\u00e9quit\u00e9 dans l\u2019acc\u00e8s aux soins.<\/p>\n\n\n\n<p>Invit\u00e9 de l\u2019\u00e9mission <em>\u00ab L\u2019Invit\u00e9 du jour \u00bb<\/em> sur la Cha\u00eene 3 de la Radio alg\u00e9rienne, le directeur des prestations \u00e0 la CNAS, Abdelhafid Djeghri, a d\u00e9taill\u00e9 les contours de cette mesure, ses objectifs et ses modalit\u00e9s d\u2019application.<\/p>\n\n\n\n<p><strong>Une cat\u00e9gorie longtemps exclue de la couverture sanitaire<\/strong><\/p>\n\n\n\n<p>Le responsable a tenu \u00e0 pr\u00e9ciser que cette carte s\u2019adresse \u00e0 une frange bien d\u00e9finie de la population : les citoyens sans revenus, non affili\u00e9s \u00e0 la s\u00e9curit\u00e9 sociale et ne b\u00e9n\u00e9ficiant d\u2019aucun dispositif d\u2019aide existant.<br>\u00ab Contrairement aux salari\u00e9s, aux ch\u00f4meurs indemnis\u00e9s, aux personnes en situation de handicap ou aux b\u00e9n\u00e9ficiaires d\u2019allocations de solidarit\u00e9, cette cat\u00e9gorie ne disposait jusque-l\u00e0 d\u2019aucun m\u00e9canisme stable lui permettant d\u2019acc\u00e9der aux m\u00e9dicaments \u00bb, a-t-il expliqu\u00e9.<\/p>\n\n\n\n<p>Ce vide est d\u00e9sormais combl\u00e9 par le nouveau dispositif instaur\u00e9 par le d\u00e9cret ex\u00e9cutif 24-187, qui \u00e9largit consid\u00e9rablement le champ de la prise en charge.<\/p>\n\n\n\n<p><strong>Une proc\u00e9dure encadr\u00e9e et progressive<\/strong><\/p>\n\n\n\n<p>L\u2019acc\u00e8s au dispositif repose sur une proc\u00e9dure administrative pr\u00e9cise. La d\u00e9marche d\u00e9bute au niveau de l\u2019Assembl\u00e9e populaire communale (APC) du lieu de r\u00e9sidence. Le citoyen concern\u00e9 doit y d\u00e9poser un dossier attestant de sa situation sociale. Une enqu\u00eate est ensuite men\u00e9e, avant que le dossier ne soit transmis \u00e0 une commission de wilaya charg\u00e9e de statuer officiellement sur l\u2019\u00e9ligibilit\u00e9.<\/p>\n\n\n\n<p>Une fois le statut de \u00ab personne d\u00e9munie non assur\u00e9e sociale \u00bb reconnu, le b\u00e9n\u00e9ficiaire peut acc\u00e9der pleinement au dispositif.<br>Ce nouveau cadre vient corriger les limites de l\u2019ancien syst\u00e8me, qui se limitait aux personnes d\u00e9munies atteintes de maladies chroniques et \u00e0 une liste restreinte d\u2019environ 136 m\u00e9dicaments. D\u00e9sormais, toutes les personnes reconnues comme d\u00e9munies sont concern\u00e9es, qu\u2019elles souffrent ou non de pathologies chroniques, avec une attention particuli\u00e8re port\u00e9e aux enfants mineurs \u00e0 charge.<\/p>\n\n\n\n<p><strong>Plus de 5 500 m\u00e9dicaments pris en charge<\/strong><\/p>\n\n\n\n<p>L\u2019une des \u00e9volutions les plus significatives r\u00e9side dans l\u2019\u00e9largissement de la liste des produits pharmaceutiques rembours\u00e9s. Celle-ci d\u00e9passe aujourd\u2019hui les 5 500 m\u00e9dicaments, couvrant aussi bien les maladies chroniques que les affections ponctuelles, sur la base d\u2019une prescription m\u00e9dicale.<\/p>\n\n\n\n<p>Autre changement majeur : l\u2019acc\u00e8s aux m\u00e9dicaments s\u2019effectue d\u00e9sormais \u00e0 travers le r\u00e9seau national des pharmacies priv\u00e9es conventionn\u00e9es avec la CNAS. Plus de 13 000 officines sont aujourd\u2019hui partenaires, garantissant aux b\u00e9n\u00e9ficiaires une proximit\u00e9 g\u00e9ographique et une r\u00e9elle facilit\u00e9 d\u2019acc\u00e8s, quel que soit leur lieu de r\u00e9sidence.<\/p>\n\n\n\n<p><strong>Une carte \u00e9lectronique pour moderniser la gestion<\/strong><\/p>\n\n\n\n<p>Au-del\u00e0 de l\u2019aspect social, la carte \u00e9lectronique introduit une nouvelle approche en mati\u00e8re de gestion. Elle int\u00e8gre les donn\u00e9es essentielles du b\u00e9n\u00e9ficiaire : identit\u00e9, droits ouverts, \u00e9ventuels traitements chroniques.<br>Cette d\u00e9mat\u00e9rialisation permet de simplifier les d\u00e9marches, de r\u00e9duire l\u2019usage du papier et d\u2019am\u00e9liorer la fluidit\u00e9 dans le parcours de soins.<\/p>\n\n\n\n<p>Pour les enfants mineurs atteints de maladies chroniques, une carte individuelle est d\u00e9livr\u00e9e, facilitant le suivi m\u00e9dical et garantissant la continuit\u00e9 des traitements sans contraintes administratives r\u00e9p\u00e9titives.<\/p>\n\n\n\n<p><strong>Entre 2 000 et 3 000 b\u00e9n\u00e9ficiaires potentiels<\/strong><\/p>\n\n\n\n<p>Sur le plan op\u00e9rationnel, la CNAS s\u2019est engag\u00e9e \u00e0 produire et acheminer les cartes dans un d\u00e9lai maximal de 15 jours apr\u00e8s r\u00e9ception des listes valid\u00e9es par les commissions de wilaya.<br>\u00c0 ce jour, plus de 375 personnes, auxquelles s\u2019ajoutent leurs enfants mineurs, ont d\u00e9j\u00e0 \u00e9t\u00e9 recens\u00e9es dans 23 wilayas. Les estimations avanc\u00e9es par la CNAS \u00e9voquent entre 2 000 et 3 000 b\u00e9n\u00e9ficiaires potentiels \u00e0 l\u2019\u00e9chelle nationale.<\/p>\n\n\n\n<p><strong>Un outil de contr\u00f4le et d\u2019aide \u00e0 la d\u00e9cision<\/strong><\/p>\n\n\n\n<p>Le dispositif ne se limite pas \u00e0 l\u2019assistance sociale. Il constitue \u00e9galement un outil de r\u00e9gulation. Gr\u00e2ce au syst\u00e8me \u00e9lectronique, la CNAS pourra mieux pr\u00e9venir les abus, v\u00e9rifier la coh\u00e9rence entre prescriptions m\u00e9dicales et \u00e9tat de sant\u00e9, et constituer une base de donn\u00e9es fiable pour orienter les futures politiques publiques en mati\u00e8re de protection sociale.<\/p>\n\n\n\n<p>Pour Abdelhafid Djeghri, cette r\u00e9forme traduit une orientation claire :<\/p>\n\n\n\n<p>\u00ab Assurer un acc\u00e8s \u00e9quitable aux soins et renforcer l\u2019int\u00e9gration sociale des citoyens les plus vuln\u00e9rables. L.R.<\/p>\n\n\n\n<p><\/p>\n","protected":false},"excerpt":{"rendered":"<p>L\u2019Alg\u00e9rie franchit une nouvelle \u00e9tape dans le renforcement de sa politique de protection sociale. La Caisse nationale des assurances sociales (CNAS) a officiellement lanc\u00e9, le 19 du mois en cours, une carte \u00e9lectronique destin\u00e9e \u00e0 garantir l\u2019acc\u00e8s gratuit aux m\u00e9dicaments pour les personnes d\u00e9munies d\u00e9pourvues de toute couverture sociale. Un dispositif in\u00e9dit, pr\u00e9sent\u00e9 comme une [&hellip;]<\/p>\n","protected":false},"author":3,"featured_media":3859,"comment_status":"open","ping_status":"open","sticky":false,"template":"","format":"standard","meta":{"footnotes":""},"categories":[3],"tags":[],"class_list":{"0":"post-3858","1":"post","2":"type-post","3":"status-publish","4":"format-standard","5":"has-post-thumbnail","7":"category-sante"},"_links":{"self":[{"href":"https:\/\/lequotidien-deconstantine.dz\/index.php?rest_route=\/wp\/v2\/posts\/3858","targetHints":{"allow":["GET"]}}],"collection":[{"href":"https:\/\/lequotidien-deconstantine.dz\/index.php?rest_route=\/wp\/v2\/posts"}],"about":[{"href":"https:\/\/lequotidien-deconstantine.dz\/index.php?rest_route=\/wp\/v2\/types\/post"}],"author":[{"embeddable":true,"href":"https:\/\/lequotidien-deconstantine.dz\/index.php?rest_route=\/wp\/v2\/users\/3"}],"replies":[{"embeddable":true,"href":"https:\/\/lequotidien-deconstantine.dz\/index.php?rest_route=%2Fwp%2Fv2%2Fcomments&post=3858"}],"version-history":[{"count":1,"href":"https:\/\/lequotidien-deconstantine.dz\/index.php?rest_route=\/wp\/v2\/posts\/3858\/revisions"}],"predecessor-version":[{"id":3860,"href":"https:\/\/lequotidien-deconstantine.dz\/index.php?rest_route=\/wp\/v2\/posts\/3858\/revisions\/3860"}],"wp:featuredmedia":[{"embeddable":true,"href":"https:\/\/lequotidien-deconstantine.dz\/index.php?rest_route=\/wp\/v2\/media\/3859"}],"wp:attachment":[{"href":"https:\/\/lequotidien-deconstantine.dz\/index.php?rest_route=%2Fwp%2Fv2%2Fmedia&parent=3858"}],"wp:term":[{"taxonomy":"category","embeddable":true,"href":"https:\/\/lequotidien-deconstantine.dz\/index.php?rest_route=%2Fwp%2Fv2%2Fcategories&post=3858"},{"taxonomy":"post_tag","embeddable":true,"href":"https:\/\/lequotidien-deconstantine.dz\/index.php?rest_route=%2Fwp%2Fv2%2Ftags&post=3858"}],"curies":[{"name":"wp","href":"https:\/\/api.w.org\/{rel}","templated":true}]}}