{"id":3866,"date":"2026-01-25T11:29:52","date_gmt":"2026-01-25T10:29:52","guid":{"rendered":"https:\/\/lequotidien-deconstantine.dz\/?p=3866"},"modified":"2026-01-25T11:29:55","modified_gmt":"2026-01-25T10:29:55","slug":"ble-produire-plus-dependre-moins","status":"publish","type":"post","link":"https:\/\/lequotidien-deconstantine.dz\/?p=3866","title":{"rendered":"Bl\u00e9\u00a0: Produire plus, d\u00e9pendre moins"},"content":{"rendered":"\n<p>L\u2019Alg\u00e9rie engage une nouvelle \u00e9tape dans la modernisation de son agriculture, avec pour objectif strat\u00e9gique de renforcer la s\u00e9curit\u00e9 alimentaire nationale et de r\u00e9duire durablement sa d\u00e9pendance aux importations de bl\u00e9. Dans un contexte marqu\u00e9 par la volatilit\u00e9 des march\u00e9s internationaux et la pression croissante sur les ressources, les autorit\u00e9s misent d\u00e9sormais sur une approche int\u00e9gr\u00e9e combinant recherche scientifique, innovation agronomique, r\u00e9formes structurelles et nouveaux m\u00e9canismes de financement.<\/p>\n\n\n\n<p>L\u2019ambition est claire : faire de l\u2019agriculture un pilier r\u00e9el de l\u2019\u00e9conomie nationale, capable de contribuer davantage au produit int\u00e9rieur brut (PIB), tout en limitant la vuln\u00e9rabilit\u00e9 du pays face aux chocs ext\u00e9rieurs.<\/p>\n\n\n\n<p>Pour atteindre ces objectifs, le minist\u00e8re de l\u2019Agriculture, du D\u00e9veloppement rural et de la P\u00eache a choisi de s\u2019appuyer davantage sur l\u2019expertise scientifique nationale. Il a ainsi conclu un partenariat avec le minist\u00e8re de l\u2019Enseignement sup\u00e9rieur et de la Recherche scientifique, visant \u00e0 int\u00e9grer plus efficacement les r\u00e9sultats de la recherche dans le d\u00e9veloppement des fili\u00e8res strat\u00e9giques, en particulier celles des c\u00e9r\u00e9ales et des l\u00e9gumineuses.<\/p>\n\n\n\n<p>Les premiers bilans de cette coop\u00e9ration ont \u00e9t\u00e9 pr\u00e9sent\u00e9s lors d\u2019une journ\u00e9e d\u2019\u00e9tude consacr\u00e9e \u00e0 l\u2019int\u00e9gration des r\u00e9sultats scientifiques dans le d\u00e9veloppement agricole. La rencontre a \u00e9t\u00e9 inaugur\u00e9e, le mardi 20 janvier, par les deux ministres concern\u00e9s : Yacine Oualid (Agriculture) et Kamel Baddari (Enseignement sup\u00e9rieur), en pr\u00e9sence de cadres des deux secteurs et de sp\u00e9cialistes de la fili\u00e8re. L\u2019\u00e9v\u00e9nement \u00e9tait organis\u00e9 par l\u2019Office interprofessionnel alg\u00e9rien des c\u00e9r\u00e9ales (OAIC).<\/p>\n\n\n\n<p>Dans son intervention, le ministre de l\u2019Agriculture a soulign\u00e9 que la modernisation du secteur ne peut se concr\u00e9tiser sans un <strong>recours accru \u00e0 la recherche scientifique<\/strong>, ni sans la mobilisation des comp\u00e9tences universitaires nationales. Selon lui, seule l\u2019innovation permettra d\u2019am\u00e9liorer durablement les rendements, en particulier dans la production c\u00e9r\u00e9ali\u00e8re, et de garantir la s\u00e9curit\u00e9 alimentaire du pays.<\/p>\n\n\n\n<p>Le diagnostic est d\u00e9sormais largement partag\u00e9 par les pouvoirs publics : la productivit\u00e9 agricole, notamment dans la fili\u00e8re bl\u00e9, demeure insuffisante. Les rendements moyens n\u2019exc\u00e8dent pas 15 quintaux \u00e0 l\u2019hectare, un niveau qui stagne depuis plusieurs d\u00e9cennies et qui demeure tr\u00e8s inf\u00e9rieur aux standards observ\u00e9s dans de nombreux pays \u00e0 conditions climatiques comparables.<\/p>\n\n\n\n<p>Cette question de la productivit\u00e9 a d\u2019ailleurs \u00e9t\u00e9 largement d\u00e9battue lors de la Conf\u00e9rence nationale sur la modernisation du secteur agricole, tenue fin octobre 2025. \u00c0 cette occasion, un groupe de travail mixte r\u00e9unissant les deux minist\u00e8res avait formul\u00e9 plusieurs propositions concr\u00e8tes visant \u00e0 am\u00e9liorer le rendement \u00e0 l\u2019hectare.<\/p>\n\n\n\n<p>L\u2019\u00c9tat affiche d\u00e9sormais un objectif pr\u00e9cis : porter les rendements c\u00e9r\u00e9aliers \u00e0 au moins 30 quintaux par hectare, soit un doublement du niveau actuel. Un cap jug\u00e9 indispensable pour r\u00e9pondre \u00e0 une demande nationale en bl\u00e9 particuli\u00e8rement \u00e9lev\u00e9e, la consommation annuelle par habitant en Alg\u00e9rie d\u00e9passant largement la moyenne mondiale.<\/p>\n\n\n\n<p>Pour Yacine Oualid, cet objectif ne pourra \u00eatre atteint qu\u2019en s\u2019appuyant sur la science, l\u2019innovation et une meilleure organisation des pratiques agricoles. Il s\u2019agit non seulement d\u2019augmenter la production, mais aussi d\u2019assurer sa durabilit\u00e9 face aux contraintes climatiques.<\/p>\n\n\n\n<p><strong>Semences, irrigation et adaptation r\u00e9gionale au c\u0153ur de la strat\u00e9gie<\/strong><\/p>\n\n\n\n<p>Parmi les principaux leviers identifi\u00e9s, figure en priorit\u00e9 l\u2019am\u00e9lioration du mat\u00e9riel v\u00e9g\u00e9tal. Le ministre a insist\u00e9 sur la n\u00e9cessit\u00e9 d\u2019introduire de nouvelles vari\u00e9t\u00e9s de semences, plus r\u00e9sistantes \u00e0 la s\u00e9cheresse et aux variations pluviom\u00e9triques, de plus en plus marqu\u00e9es sous l\u2019effet du changement climatique.<\/p>\n\n\n\n<p>Il a \u00e9galement plaid\u00e9 pour une classification plus rigoureuse des vari\u00e9t\u00e9s, permettant d\u2019orienter chaque type de semence vers les r\u00e9gions les plus adapt\u00e9es \u00e0 ses caract\u00e9ristiques agronomiques. L\u2019objectif est d\u2019optimiser les performances selon les terroirs, tout en s\u2019appuyant syst\u00e9matiquement sur les r\u00e9sultats issus de la recherche scientifique.<\/p>\n\n\n\n<p>Autre axe majeur : l\u2019extension de l\u2019irrigation. Les autorit\u00e9s ambitionnent de porter les surfaces c\u00e9r\u00e9ali\u00e8res irrigu\u00e9es \u00e0 500 000 hectares, gr\u00e2ce au d\u00e9veloppement et \u00e0 la modernisation des syst\u00e8mes d\u2019irrigation. Une mesure jug\u00e9e essentielle pour s\u00e9curiser les rendements face \u00e0 l\u2019irr\u00e9gularit\u00e9 des pr\u00e9cipitations.<\/p>\n\n\n\n<p>Au-del\u00e0 des aspects techniques, le plan strat\u00e9gique comprend \u00e9galement une dimension \u00e9conomique et institutionnelle. Le ministre de l\u2019Agriculture a ainsi appel\u00e9 \u00e0 une r\u00e9vision des politiques de subventions agricoles, afin de mieux cibler les aides publiques et de s\u2019assurer qu\u2019elles b\u00e9n\u00e9ficient effectivement aux producteurs actifs et aux exploitations performantes.<\/p>\n\n\n\n<p>Il a \u00e9galement soulign\u00e9 la n\u00e9cessit\u00e9 de revoir le syst\u00e8me d\u2019assurance agricole, afin d\u2019\u00e9largir la couverture aux risques climatiques aujourd\u2019hui insuffisamment pris en charge, notamment les fortes chaleurs et la s\u00e9cheresse. Une r\u00e9forme jug\u00e9e indispensable pour encourager l\u2019investissement et s\u00e9curiser les revenus des agriculteurs.<\/p>\n\n\n\n<p>Pour accompagner cette transformation, le secteur agricole devra \u00e9galement b\u00e9n\u00e9ficier de ressources financi\u00e8res suppl\u00e9mentaires. Le ministre a \u00e9voqu\u00e9 la mise en place de nouveaux m\u00e9canismes de financement, incluant notamment le d\u00e9veloppement des microcr\u00e9dits et l\u2019introduction d\u2019outils comme le capital-risque, encore peu mobilis\u00e9s dans l\u2019agriculture.<\/p>\n\n\n\n<p>La modernisation passe aussi par la m\u00e9canisation. \u00c0 ce titre, il a propos\u00e9 la cr\u00e9ation de coop\u00e9ratives sp\u00e9cialis\u00e9es dans les \u00e9quipements agricoles modernes, permettant aux agriculteurs d\u2019acc\u00e9der \u00e0 des machines performantes \u00e0 moindre co\u00fbt. Une mesure qui devrait faciliter l\u2019extension des surfaces cultiv\u00e9es, r\u00e9duire les pertes de r\u00e9colte et am\u00e9liorer globalement la productivit\u00e9, conform\u00e9ment aux orientations fix\u00e9es par le pr\u00e9sident de la R\u00e9publique.<\/p>\n\n\n\n<p>L.R.<\/p>\n\n\n\n<p><\/p>\n","protected":false},"excerpt":{"rendered":"<p>L\u2019Alg\u00e9rie engage une nouvelle \u00e9tape dans la modernisation de son agriculture, avec pour objectif strat\u00e9gique de renforcer la s\u00e9curit\u00e9 alimentaire nationale et de r\u00e9duire durablement sa d\u00e9pendance aux importations de bl\u00e9. Dans un contexte marqu\u00e9 par la volatilit\u00e9 des march\u00e9s internationaux et la pression croissante sur les ressources, les autorit\u00e9s misent d\u00e9sormais sur une approche [&hellip;]<\/p>\n","protected":false},"author":3,"featured_media":3841,"comment_status":"open","ping_status":"open","sticky":false,"template":"","format":"standard","meta":{"footnotes":""},"categories":[8],"tags":[],"class_list":{"0":"post-3866","1":"post","2":"type-post","3":"status-publish","4":"format-standard","5":"has-post-thumbnail","7":"category-economie"},"_links":{"self":[{"href":"https:\/\/lequotidien-deconstantine.dz\/index.php?rest_route=\/wp\/v2\/posts\/3866","targetHints":{"allow":["GET"]}}],"collection":[{"href":"https:\/\/lequotidien-deconstantine.dz\/index.php?rest_route=\/wp\/v2\/posts"}],"about":[{"href":"https:\/\/lequotidien-deconstantine.dz\/index.php?rest_route=\/wp\/v2\/types\/post"}],"author":[{"embeddable":true,"href":"https:\/\/lequotidien-deconstantine.dz\/index.php?rest_route=\/wp\/v2\/users\/3"}],"replies":[{"embeddable":true,"href":"https:\/\/lequotidien-deconstantine.dz\/index.php?rest_route=%2Fwp%2Fv2%2Fcomments&post=3866"}],"version-history":[{"count":1,"href":"https:\/\/lequotidien-deconstantine.dz\/index.php?rest_route=\/wp\/v2\/posts\/3866\/revisions"}],"predecessor-version":[{"id":3867,"href":"https:\/\/lequotidien-deconstantine.dz\/index.php?rest_route=\/wp\/v2\/posts\/3866\/revisions\/3867"}],"wp:featuredmedia":[{"embeddable":true,"href":"https:\/\/lequotidien-deconstantine.dz\/index.php?rest_route=\/wp\/v2\/media\/3841"}],"wp:attachment":[{"href":"https:\/\/lequotidien-deconstantine.dz\/index.php?rest_route=%2Fwp%2Fv2%2Fmedia&parent=3866"}],"wp:term":[{"taxonomy":"category","embeddable":true,"href":"https:\/\/lequotidien-deconstantine.dz\/index.php?rest_route=%2Fwp%2Fv2%2Fcategories&post=3866"},{"taxonomy":"post_tag","embeddable":true,"href":"https:\/\/lequotidien-deconstantine.dz\/index.php?rest_route=%2Fwp%2Fv2%2Ftags&post=3866"}],"curies":[{"name":"wp","href":"https:\/\/api.w.org\/{rel}","templated":true}]}}