{"id":3868,"date":"2026-01-25T11:31:28","date_gmt":"2026-01-25T10:31:28","guid":{"rendered":"https:\/\/lequotidien-deconstantine.dz\/?p=3868"},"modified":"2026-01-25T11:31:31","modified_gmt":"2026-01-25T10:31:31","slug":"constitution-dix-amendements-en-examen","status":"publish","type":"post","link":"https:\/\/lequotidien-deconstantine.dz\/?p=3868","title":{"rendered":"Constitution\u00a0: Dix amendements en examen"},"content":{"rendered":"\n<p>La Pr\u00e9sidence de la R\u00e9publique a lev\u00e9 le voile, samedi \u00e0 Alger, sur le contenu de la r\u00e9vision technique de la Constitution. Contrairement aux rumeurs qui ont circul\u00e9 ces derni\u00e8res semaines, aucune modification ne concerne la dur\u00e9e ni le nombre de mandats pr\u00e9sidentiels. Le chantier porte sur des ajustements cibl\u00e9s touchant la Pr\u00e9sidence, le Parlement, le Conseil sup\u00e9rieur de la magistrature (CSM) et l\u2019Autorit\u00e9 nationale ind\u00e9pendante des \u00e9lections (ANIE), dans l\u2019objectif affich\u00e9 de renforcer l\u2019efficacit\u00e9 institutionnelle et la stabilit\u00e9 du syst\u00e8me.<\/p>\n\n\n\n<p>Les dix propositions d\u2019amendement ont \u00e9t\u00e9 pr\u00e9sent\u00e9es lors d\u2019une conf\u00e9rence nationale tenue au Palais des Nations (Club des Pins), en pr\u00e9sence du Premier ministre Sifi Ghrieb, de membres du gouvernement, de repr\u00e9sentants des partis politiques et d\u2019acteurs institutionnels. Boualem Boualem, directeur de cabinet de la Pr\u00e9sidence, en a expos\u00e9 le d\u00e9tail.<\/p>\n\n\n\n<p><strong>Pr\u00e9sidentielle : conditions de candidature et organisation du pouvoir<\/strong><\/p>\n\n\n\n<p>Parmi les \u00e9volutions propos\u00e9es figure l\u2019introduction d\u2019une condition de niveau d\u2019\u00e9tudes pour tout candidat \u00e0 la magistrature supr\u00eame. Un autre amendement vise \u00e0 encadrer plus pr\u00e9cis\u00e9ment la c\u00e9r\u00e9monie de prestation de serment, en d\u00e9finissant son organisation et l\u2019instance devant laquelle il doit \u00eatre prononc\u00e9.<\/p>\n\n\n\n<p>Le chef de l\u2019\u00c9tat pourrait \u00e9galement se voir reconna\u00eetre la possibilit\u00e9 de convoquer des \u00e9lections locales anticip\u00e9es, une mesure pr\u00e9sent\u00e9e comme un outil de flexibilit\u00e9 institutionnelle.<\/p>\n\n\n\n<p><strong>Parlement : continuit\u00e9 et stabilit\u00e9 institutionnelle<\/strong><\/p>\n\n\n\n<p>La r\u00e9vision pr\u00e9voit plusieurs ajustements concernant les deux chambres. Le mandat du pr\u00e9sident du Conseil de la nation passerait de trois \u00e0 six ans, afin de pr\u00e9server l\u2019exp\u00e9rience et d\u2019\u00e9viter les ruptures li\u00e9es au renouvellement partiel de la chambre haute.<\/p>\n\n\n\n<p>Une disposition transitoire est \u00e9galement envisag\u00e9e pour pr\u00e9venir tout vide constitutionnel lors du renouvellement des membres du Conseil de la nation. Dans le m\u00eame esprit, l\u2019ouverture de la session parlementaire ordinaire serait fix\u00e9e au mois de septembre, pour une dur\u00e9e maximale de dix mois, dans un souci de meilleure organisation du travail l\u00e9gislatif.<\/p>\n\n\n\n<p><strong>Conseil sup\u00e9rieur de la magistrature : nouvelle composition<\/strong><\/p>\n\n\n\n<p>Deux propositions concernent le CSM. La premi\u00e8re vise \u00e0 supprimer l\u2019obligation d\u2019obtenir son avis conforme pour certaines nominations judiciaires, au motif que le pr\u00e9sident de la R\u00e9publique en est \u00e9galement le pr\u00e9sident.<\/p>\n\n\n\n<p>La seconde porte sur la recomposition de l\u2019instance : suppression des membres d\u00e9sign\u00e9s par les pr\u00e9sidents des deux chambres, des repr\u00e9sentants syndicaux et du pr\u00e9sident du Conseil national des droits de l\u2019Homme, et int\u00e9gration du procureur g\u00e9n\u00e9ral pr\u00e8s la Cour supr\u00eame.<\/p>\n\n\n\n<p><strong>ANIE : clarification des missions \u00e9lectorales<\/strong><\/p>\n\n\n\n<p>Un changement majeur concerne l\u2019Autorit\u00e9 nationale ind\u00e9pendante des \u00e9lections. Si la Constitution de 2020 lui confie d\u00e9j\u00e0 la supervision du processus \u00e9lectoral, cette mission restait insuffisamment d\u00e9finie. La r\u00e9vision propose donc de renforcer explicitement son r\u00f4le de supervision et de contr\u00f4le, tout en confiant la pr\u00e9paration mat\u00e9rielle et logistique des scrutins \u00e0 l\u2019administration, notamment au minist\u00e8re de l\u2019Int\u00e9rieur.<\/p>\n\n\n\n<p>Le Premier ministre Sifi Ghrieb a confirm\u00e9 cette orientation, assurant que l\u2019\u00c9tat mobilisera tous les moyens n\u00e9cessaires pour garantir la transparence et la cr\u00e9dibilit\u00e9 des \u00e9lections.<\/p>\n\n\n\n<p><strong>Ghrieb : \u00ab Une r\u00e9vision au service de l\u2019\u00c9tat de droit \u00bb<\/strong><\/p>\n\n\n\n<p>Dans son intervention, le Premier ministre a pr\u00e9sent\u00e9 ces r\u00e9formes comme la continuit\u00e9 du processus engag\u00e9 depuis l\u2019adoption de la Constitution de 2020, qualifi\u00e9e d\u2019\u00ab acquis national majeur \u00bb.<br>Selon lui, cette r\u00e9vision vise \u00e0 consolider l\u2019\u00c9tat de droit, renforcer l\u2019\u00e9quilibre entre les pouvoirs et approfondir le parcours d\u00e9mocratique. Il a \u00e9galement insist\u00e9 sur la n\u00e9cessit\u00e9 d\u2019un dialogue responsable impliquant institutions, partis, soci\u00e9t\u00e9 civile et m\u00e9dias.<\/p>\n\n\n\n<p>\u00ab Le succ\u00e8s de ces r\u00e9formes d\u00e9pend de l\u2019engagement collectif \u00bb, a-t-il soulign\u00e9, affirmant que ces ajustements doivent contribuer \u00e0 la stabilit\u00e9 politique et au d\u00e9veloppement du pays.<\/p>\n\n\n\n<p><strong>S.B.<\/strong><\/p>\n\n\n\n<p><\/p>\n","protected":false},"excerpt":{"rendered":"<p>La Pr\u00e9sidence de la R\u00e9publique a lev\u00e9 le voile, samedi \u00e0 Alger, sur le contenu de la r\u00e9vision technique de la Constitution. Contrairement aux rumeurs qui ont circul\u00e9 ces derni\u00e8res semaines, aucune modification ne concerne la dur\u00e9e ni le nombre de mandats pr\u00e9sidentiels. Le chantier porte sur des ajustements cibl\u00e9s touchant la Pr\u00e9sidence, le Parlement, [&hellip;]<\/p>\n","protected":false},"author":3,"featured_media":3869,"comment_status":"open","ping_status":"open","sticky":false,"template":"","format":"standard","meta":{"footnotes":""},"categories":[2],"tags":[],"class_list":{"0":"post-3868","1":"post","2":"type-post","3":"status-publish","4":"format-standard","5":"has-post-thumbnail","7":"category-infos"},"_links":{"self":[{"href":"https:\/\/lequotidien-deconstantine.dz\/index.php?rest_route=\/wp\/v2\/posts\/3868","targetHints":{"allow":["GET"]}}],"collection":[{"href":"https:\/\/lequotidien-deconstantine.dz\/index.php?rest_route=\/wp\/v2\/posts"}],"about":[{"href":"https:\/\/lequotidien-deconstantine.dz\/index.php?rest_route=\/wp\/v2\/types\/post"}],"author":[{"embeddable":true,"href":"https:\/\/lequotidien-deconstantine.dz\/index.php?rest_route=\/wp\/v2\/users\/3"}],"replies":[{"embeddable":true,"href":"https:\/\/lequotidien-deconstantine.dz\/index.php?rest_route=%2Fwp%2Fv2%2Fcomments&post=3868"}],"version-history":[{"count":1,"href":"https:\/\/lequotidien-deconstantine.dz\/index.php?rest_route=\/wp\/v2\/posts\/3868\/revisions"}],"predecessor-version":[{"id":3870,"href":"https:\/\/lequotidien-deconstantine.dz\/index.php?rest_route=\/wp\/v2\/posts\/3868\/revisions\/3870"}],"wp:featuredmedia":[{"embeddable":true,"href":"https:\/\/lequotidien-deconstantine.dz\/index.php?rest_route=\/wp\/v2\/media\/3869"}],"wp:attachment":[{"href":"https:\/\/lequotidien-deconstantine.dz\/index.php?rest_route=%2Fwp%2Fv2%2Fmedia&parent=3868"}],"wp:term":[{"taxonomy":"category","embeddable":true,"href":"https:\/\/lequotidien-deconstantine.dz\/index.php?rest_route=%2Fwp%2Fv2%2Fcategories&post=3868"},{"taxonomy":"post_tag","embeddable":true,"href":"https:\/\/lequotidien-deconstantine.dz\/index.php?rest_route=%2Fwp%2Fv2%2Ftags&post=3868"}],"curies":[{"name":"wp","href":"https:\/\/api.w.org\/{rel}","templated":true}]}}