{"id":3878,"date":"2026-01-26T07:07:07","date_gmt":"2026-01-26T06:07:07","guid":{"rendered":"https:\/\/lequotidien-deconstantine.dz\/?p=3878"},"modified":"2026-01-26T07:07:10","modified_gmt":"2026-01-26T06:07:10","slug":"made-in-dz-soft-power-en-fil-et-en-fibre","status":"publish","type":"post","link":"https:\/\/lequotidien-deconstantine.dz\/?p=3878","title":{"rendered":"Made in DZ\u00a0: Soft power en fil et en fibre"},"content":{"rendered":"\n<p>La production textile alg\u00e9rienne se r\u00e9invente et se structure autour d\u2019un <em>Made in DZ<\/em> ambitieux, combinant marques internationales produites localement, mont\u00e9e en gamme des entreprises nationales et strat\u00e9gies d\u2019exportation vers l\u2019Afrique et l\u2019Europe. Cette dynamique vise \u00e0 r\u00e9duire la d\u00e9pendance aux importations tout en inscrivant l\u2019Alg\u00e9rie comme un acteur industriel comp\u00e9titif \u00e0 l\u2019international.<\/p>\n\n\n\n<p>\u00c0 quelques jours du lancement de l\u2019International Brands Exhibition Made in DZ, pr\u00e9vu les 30 et 31 janvier \u00e0 Alger, le secteur textile et de l\u2019habillement alg\u00e9rien affiche une dynamique de transformation profonde. Organis\u00e9 sous l\u2019\u00e9gide du minist\u00e8re du Commerce ext\u00e9rieur et de la Promotion des exportations, cet \u00e9v\u00e9nement a pour ambition de mettre en lumi\u00e8re des marques internationales produites localement et de valoriser le savoir-faire industriel national.<\/p>\n\n\n\n<p>L\u2019initiative s\u2019inscrit dans une strat\u00e9gie nationale plus vaste de relance industrielle et de valorisation du <em>Made in Algeria<\/em>, visant \u00e0 renforcer la production locale, \u00e0 promouvoir la diversification \u00e9conomique, et \u00e0 \u00e9tablir une v\u00e9ritable capacit\u00e9 d\u2019exportation de produits finis comp\u00e9titifs.<\/p>\n\n\n\n<p><strong>Des marques internationales produites localement<\/strong><\/p>\n\n\n\n<p>Le salon r\u00e9unira des marques internationales du textile d\u00e9j\u00e0 implant\u00e9es en Alg\u00e9rie ou souhaitant y d\u00e9velopper leur production. Selon des sources locales r\u00e9centes, des groupes comme Zara, Levi\u2019s, Lacoste, Decathlon, Mango, Celio, Defacto ou Skechers produisent d\u00e9j\u00e0 une partie de leurs collections sur le territoire alg\u00e9rien, du sportswear au pr\u00eat?\u00e0?porter et aux accessoires, t\u00e9moignant de l\u2019attractivit\u00e9 retrouv\u00e9e de la fili\u00e8re locale.<\/p>\n\n\n\n<p>Cette strat\u00e9gie de localisation de la production internationale vise \u00e0 r\u00e9duire le co\u00fbt d\u2019importation de produits finis tout en transf\u00e9rant des savoir?faire techniques et des standards de qualit\u00e9 \u00e9lev\u00e9s vers l\u2019industrie alg\u00e9rienne. Elle ouvre \u00e9galement la porte \u00e0 un accompagnement renforc\u00e9 des cha\u00eenes de valeur locales, de la conception \u00e0 la commercialisation.<\/p>\n\n\n\n<p><strong>Une fili\u00e8re textile en pleine mutation<\/strong><\/p>\n\n\n\n<p>Historiquement, l\u2019industrie textile alg\u00e9rienne a souffert d\u2019une faible part de march\u00e9 au niveau national, avec moins de 10 % de couverture des besoins internes, le reste \u00e9tant majoritairement import\u00e9.<\/p>\n\n\n\n<p>Pour inverser cette tendance, l\u2019\u00c9tat a encourag\u00e9 la cr\u00e9ation de partenariats public?priv\u00e9 et l\u2019investissement dans des complexes industriels int\u00e9gr\u00e9s. L\u2019exemple le plus embl\u00e9matique est celui du complexe textile Tayal \u00e0 Relizane, fruit d\u2019un partenariat entre des investisseurs alg\u00e9riens et turcs, capable de produire des centaines de millions de m\u00e8tres de tissu et des millions de pi\u00e8ces de v\u00eatements, et d\u00e9sormais en passe d\u2019exporter vers des march\u00e9s \u00e9trangers, notamment la France.<\/p>\n\n\n\n<p>Parall\u00e8lement, des acteurs historiques comme GETEX \u2014 le groupe public des textiles et cuirs \u2014 modernisent leurs \u00e9quipements et diversifient leurs collections pour r\u00e9pondre \u00e0 la demande locale tout en visant une pr\u00e9sence accrue sur les march\u00e9s r\u00e9gionaux et internationaux.<\/p>\n\n\n\n<p><strong>Strat\u00e9gies d\u2019int\u00e9gration et politiques publiques<\/strong><\/p>\n\n\n\n<p>La relance de cette fili\u00e8re ne repose pas uniquement sur la production. Des strat\u00e9gies nationales ont \u00e9t\u00e9 \u00e9labor\u00e9es pour structurer l\u2019ensemble du secteur textile, int\u00e9grant la relance de la culture du coton, le d\u00e9veloppement de centres techniques et de formation pour renforcer les comp\u00e9tences locales, et la cr\u00e9ation de zones industrielles sp\u00e9cialis\u00e9es.<\/p>\n\n\n\n<p>De plus, la substitution des importations figure au c\u0153ur des priorit\u00e9s \u00e9conomiques, renforc\u00e9e par des mesures incitatives \u00e0 l\u2019investissement et une volont\u00e9 de g\u00e9n\u00e9rer davantage de valeur ajout\u00e9e nationale.<\/p>\n\n\n\n<p>La normalisation et la certification des produits, indispensables pour acc\u00e9der aux march\u00e9s internationaux, font \u00e9galement partie des chantiers prioritaires, avec un accent mis sur la modernisation logistique et la conformit\u00e9 aux standards internationaux pour accompagner les exportations.<\/p>\n\n\n\n<p><strong>Objectifs d\u2019exportation et march\u00e9s prioritaires<\/strong><\/p>\n\n\n\n<p>Le salon Made in DZ ambitionne de faire du textile alg\u00e9rien une offre attractive sur les march\u00e9s \u00e9trangers, en particulier en Afrique, o\u00f9 la demande de produits finis de qualit\u00e9 est en forte croissance. La participation d\u2019entreprises locales \u00e0 des foires internationales et la signature d\u2019accords commerciaux attestent d\u2019un int\u00e9r\u00eat croissant des partenaires africains pour les produits alg\u00e9riens.<\/p>\n\n\n\n<p>Les exportations tunisiennes, marocaines et europ\u00e9ennes constituent d\u2019autres cibles potentielles, renfor\u00e7ant l\u2019id\u00e9e d\u2019un repositionnement strat\u00e9gique de l\u2019Alg\u00e9rie comme hub industriel r\u00e9gional pour la confection textile et l\u2019habillement.<\/p>\n\n\n\n<p>Le Salon <em>International Brands Exhibition Made in DZ<\/em> s\u2019inscrit dans une strat\u00e9gie volontariste de mont\u00e9e en gamme et d\u2019int\u00e9gration du textile alg\u00e9rien dans les cha\u00eenes de valeur internationales. Entre attractivit\u00e9 accrue pour les marques mondiales, modernisation des complexes industriels, politiques publiques cibl\u00e9es et ambitions exportatrices, l\u2019industrie du textile en Alg\u00e9rie tente de faire du <em>Made in Algeria<\/em> un vecteur de croissance durable, d\u2019emploi et de cr\u00e9ation de richesse.<\/p>\n\n\n\n<p>L.R.<\/p>\n","protected":false},"excerpt":{"rendered":"<p>La production textile alg\u00e9rienne se r\u00e9invente et se structure autour d\u2019un Made in DZ ambitieux, combinant marques internationales produites localement, mont\u00e9e en gamme des entreprises nationales et strat\u00e9gies d\u2019exportation vers l\u2019Afrique et l\u2019Europe. Cette dynamique vise \u00e0 r\u00e9duire la d\u00e9pendance aux importations tout en inscrivant l\u2019Alg\u00e9rie comme un acteur industriel comp\u00e9titif \u00e0 l\u2019international. \u00c0 quelques [&hellip;]<\/p>\n","protected":false},"author":3,"featured_media":3879,"comment_status":"open","ping_status":"open","sticky":false,"template":"","format":"standard","meta":{"footnotes":""},"categories":[8],"tags":[],"class_list":{"0":"post-3878","1":"post","2":"type-post","3":"status-publish","4":"format-standard","5":"has-post-thumbnail","7":"category-economie"},"_links":{"self":[{"href":"https:\/\/lequotidien-deconstantine.dz\/index.php?rest_route=\/wp\/v2\/posts\/3878","targetHints":{"allow":["GET"]}}],"collection":[{"href":"https:\/\/lequotidien-deconstantine.dz\/index.php?rest_route=\/wp\/v2\/posts"}],"about":[{"href":"https:\/\/lequotidien-deconstantine.dz\/index.php?rest_route=\/wp\/v2\/types\/post"}],"author":[{"embeddable":true,"href":"https:\/\/lequotidien-deconstantine.dz\/index.php?rest_route=\/wp\/v2\/users\/3"}],"replies":[{"embeddable":true,"href":"https:\/\/lequotidien-deconstantine.dz\/index.php?rest_route=%2Fwp%2Fv2%2Fcomments&post=3878"}],"version-history":[{"count":1,"href":"https:\/\/lequotidien-deconstantine.dz\/index.php?rest_route=\/wp\/v2\/posts\/3878\/revisions"}],"predecessor-version":[{"id":3880,"href":"https:\/\/lequotidien-deconstantine.dz\/index.php?rest_route=\/wp\/v2\/posts\/3878\/revisions\/3880"}],"wp:featuredmedia":[{"embeddable":true,"href":"https:\/\/lequotidien-deconstantine.dz\/index.php?rest_route=\/wp\/v2\/media\/3879"}],"wp:attachment":[{"href":"https:\/\/lequotidien-deconstantine.dz\/index.php?rest_route=%2Fwp%2Fv2%2Fmedia&parent=3878"}],"wp:term":[{"taxonomy":"category","embeddable":true,"href":"https:\/\/lequotidien-deconstantine.dz\/index.php?rest_route=%2Fwp%2Fv2%2Fcategories&post=3878"},{"taxonomy":"post_tag","embeddable":true,"href":"https:\/\/lequotidien-deconstantine.dz\/index.php?rest_route=%2Fwp%2Fv2%2Ftags&post=3878"}],"curies":[{"name":"wp","href":"https:\/\/api.w.org\/{rel}","templated":true}]}}