{"id":3886,"date":"2026-01-26T07:14:26","date_gmt":"2026-01-26T06:14:26","guid":{"rendered":"https:\/\/lequotidien-deconstantine.dz\/?p=3886"},"modified":"2026-01-26T07:14:29","modified_gmt":"2026-01-26T06:14:29","slug":"faf-nouveau-cycle-nouveaux-reperes","status":"publish","type":"post","link":"https:\/\/lequotidien-deconstantine.dz\/?p=3886","title":{"rendered":"FAF\u00a0: Nouveau cycle, nouveaux rep\u00e8res"},"content":{"rendered":"\n<p><strong>\u00c0 l\u2019issue d\u2019une premi\u00e8re ann\u00e9e de mandat marqu\u00e9e par une volont\u00e9 de rupture avec les anciennes pratiques, la F\u00e9d\u00e9ration alg\u00e9rienne de football mise sur un renouvellement profond des effectifs et des m\u00e9thodes. Entre bilan jug\u00e9 encourageant, s\u00e9lection nationale en reconstruction et r\u00e9formes structurelles engag\u00e9es, la FAF pose les bases d\u2019un nouveau cycle, encore fragile mais porteur d\u2019ambitions.<\/strong><strong><\/strong><\/p>\n\n\n\n<p>\u00c0 un mois de la cl\u00f4ture de sa premi\u00e8re ann\u00e9e de mandat (2025-2029), le Bureau f\u00e9d\u00e9ral de la F\u00e9d\u00e9ration alg\u00e9rienne de football (FAF) dresse un bilan jug\u00e9 globalement positif, tant sur le plan organisationnel que sportif. R\u00e9uni jeudi au Centre technique national de Sidi Moussa, sous la pr\u00e9sidence de Walid Sadi, l\u2019organe ex\u00e9cutif a pass\u00e9 en revue les principales r\u00e9alisations de l\u2019exercice 2025, dans un contexte marqu\u00e9 par la volont\u00e9 affich\u00e9e de refonder durablement le football alg\u00e9rien.<\/p>\n\n\n\n<p>Dans son allocution d\u2019ouverture, le pr\u00e9sident de la FAF a mis en avant une dynamique nouvelle, fond\u00e9e sur l\u2019am\u00e9lioration de la gouvernance, la structuration des comp\u00e9titions et l\u2019investissement dans la formation. \u00ab Cette premi\u00e8re ann\u00e9e de mandat a \u00e9t\u00e9 marqu\u00e9e par d\u2019importants efforts visant \u00e0 instaurer un environnement favorable au d\u00e9veloppement du football et \u00e0 renforcer sa comp\u00e9titivit\u00e9 \u00bb, a-t-il soulign\u00e9 dans un communiqu\u00e9 officiel publi\u00e9 sur le site de la F\u00e9d\u00e9ration.<\/p>\n\n\n\n<p><strong>Une CAN 2025 encourageante pour une s\u00e9lection en reconstruction<\/strong><\/p>\n\n\n\n<p>Sur le plan sportif, la performance de l\u2019\u00e9quipe nationale A \u00e0 la Coupe d\u2019Afrique des nations 2025 constitue l\u2019un des points majeurs du bilan. \u00c9limin\u00e9s en quarts de finale, les Verts ont toutefois pr\u00e9sent\u00e9 un visage renouvel\u00e9. Plus de la moiti\u00e9 de l\u2019effectif a \u00e9t\u00e9 rajeunie, dans une logique assum\u00e9e de transition g\u00e9n\u00e9rationnelle.<\/p>\n\n\n\n<p>Le Bureau f\u00e9d\u00e9ral estime que cette participation a \u00e9t\u00e9 \u00ab globalement positive \u00bb, soulignant que l\u2019EN demeure solidement install\u00e9e parmi le Top 5 africain. L\u2019objectif est d\u00e9sormais clair : r\u00e9ussir la qualification pour la Coupe du monde 2026, un d\u00e9fi qui exige, selon la FAF, la mobilisation de l\u2019ensemble des acteurs du football national.<\/p>\n\n\n\n<p><strong>Gouvernance et finances : cap sur la rigueur et l\u2019autonomie<\/strong><\/p>\n\n\n\n<p>Au-del\u00e0 du rectangle vert, la F\u00e9d\u00e9ration met en avant les avanc\u00e9es enregistr\u00e9es sur le plan administratif et financier. Walid Sadi affirme qu\u2019une am\u00e9lioration sensible des ressources a \u00e9t\u00e9 obtenue gr\u00e2ce \u00e0 une gestion jug\u00e9e plus rigoureuse, avec en ligne de mire un objectif strat\u00e9gique : l\u2019autofinancement de l\u2019institution.<\/p>\n\n\n\n<p>Parall\u00e8lement, la Direction technique nationale a intensifi\u00e9 son travail de fond sur la formation des entra\u00eeneurs, la structuration des parcours de d\u00e9veloppement des jeunes joueurs et l\u2019am\u00e9lioration globale du niveau technique, dans une approche ax\u00e9e sur la durabilit\u00e9.<\/p>\n\n\n\n<p><strong>Football professionnel, amateur et scolaire : une approche globale<\/strong><\/p>\n\n\n\n<p>Le d\u00e9veloppement du football professionnel demeure un axe central de la politique f\u00e9d\u00e9rale. La FAF indique avoir engag\u00e9 plusieurs mesures destin\u00e9es \u00e0 am\u00e9liorer la gouvernance des clubs, encourager une gestion plus saine et se conformer aux exigences li\u00e9es \u00e0 la licence de club.<\/p>\n\n\n\n<p>Mais l\u2019actuel Bureau f\u00e9d\u00e9ral entend \u00e9galement renforcer la base. Le football amateur est pr\u00e9sent\u00e9 comme le socle de la discipline, faisant l\u2019objet d\u2019un accompagnement accru des ligues et des clubs \u00e0 travers une meilleure organisation des comp\u00e9titions et un effort particulier sur la formation.<\/p>\n\n\n\n<p>Autre pilier strat\u00e9gique : le football scolaire. La FAF le consid\u00e8re comme un vivier essentiel pour la d\u00e9tection des talents et la transmission des valeurs \u00e9ducatives. L\u2019organisation de la Coupe d\u2019Alg\u00e9rie scolaire 2025 aux niveaux primaire, coll\u00e8ge et lyc\u00e9e, ainsi que la participation aux comp\u00e9titions continentales, illustrent cette orientation.<\/p>\n\n\n\n<p><strong>Organisation des comp\u00e9titions : satisfecit et ajustements<\/strong><\/p>\n\n\n\n<p>Le Bureau f\u00e9d\u00e9ral s\u2019est \u00e9galement f\u00e9licit\u00e9 de la bonne planification des championnats professionnel et amateur, de l\u2019int\u00e9gration progressive des jeunes joueurs dans les \u00e9quipes seniors, ainsi que de la r\u00e9ussite organisationnelle de la Supercoupe d\u2019Alg\u00e9rie.<\/p>\n\n\n\n<p>Certaines recommandations ont toutefois \u00e9t\u00e9 formul\u00e9es, notamment la non-programmation des rencontres de jeunes durant le mois de Ramadhan et pendant les p\u00e9riodes d\u2019examens. Les ligues r\u00e9gionales, la commission d\u2019arbitrage, ainsi que les structures en charge de la Coupe d\u2019Alg\u00e9rie et du futsal ont \u00e9t\u00e9 publiquement salu\u00e9es pour leur travail.<\/p>\n\n\n\n<p><strong>Sadi appelle \u00e0 l\u2019unit\u00e9 autour du football<\/strong><\/p>\n\n\n\n<p>En conclusion, Walid Sadi a lanc\u00e9 un appel \u00e0 l\u2019ensemble de la famille du football \u2014 dirigeants, joueurs, entra\u00eeneurs, supporters et m\u00e9dias \u2014 pour \u0153uvrer collectivement \u00e0 pr\u00e9server un football alg\u00e9rien sain, f\u00e9d\u00e9rateur et porteur de valeurs.<br>Un message qui r\u00e9sume l\u2019orientation g\u00e9n\u00e9rale de cette premi\u00e8re ann\u00e9e de mandat : moins de discours, plus de structuration, et la volont\u00e9 affich\u00e9e de reconstruire sur des bases durables.<\/p>\n\n\n\n<p><strong>S.B.&nbsp;<\/strong><\/p>\n\n\n\n<p><\/p>\n","protected":false},"excerpt":{"rendered":"<p>\u00c0 l\u2019issue d\u2019une premi\u00e8re ann\u00e9e de mandat marqu\u00e9e par une volont\u00e9 de rupture avec les anciennes pratiques, la F\u00e9d\u00e9ration alg\u00e9rienne de football mise sur un renouvellement profond des effectifs et des m\u00e9thodes. Entre bilan jug\u00e9 encourageant, s\u00e9lection nationale en reconstruction et r\u00e9formes structurelles engag\u00e9es, la FAF pose les bases d\u2019un nouveau cycle, encore fragile mais [&hellip;]<\/p>\n","protected":false},"author":3,"featured_media":3887,"comment_status":"open","ping_status":"open","sticky":false,"template":"","format":"standard","meta":{"footnotes":""},"categories":[9],"tags":[],"class_list":{"0":"post-3886","1":"post","2":"type-post","3":"status-publish","4":"format-standard","5":"has-post-thumbnail","7":"category-sport"},"_links":{"self":[{"href":"https:\/\/lequotidien-deconstantine.dz\/index.php?rest_route=\/wp\/v2\/posts\/3886","targetHints":{"allow":["GET"]}}],"collection":[{"href":"https:\/\/lequotidien-deconstantine.dz\/index.php?rest_route=\/wp\/v2\/posts"}],"about":[{"href":"https:\/\/lequotidien-deconstantine.dz\/index.php?rest_route=\/wp\/v2\/types\/post"}],"author":[{"embeddable":true,"href":"https:\/\/lequotidien-deconstantine.dz\/index.php?rest_route=\/wp\/v2\/users\/3"}],"replies":[{"embeddable":true,"href":"https:\/\/lequotidien-deconstantine.dz\/index.php?rest_route=%2Fwp%2Fv2%2Fcomments&post=3886"}],"version-history":[{"count":1,"href":"https:\/\/lequotidien-deconstantine.dz\/index.php?rest_route=\/wp\/v2\/posts\/3886\/revisions"}],"predecessor-version":[{"id":3888,"href":"https:\/\/lequotidien-deconstantine.dz\/index.php?rest_route=\/wp\/v2\/posts\/3886\/revisions\/3888"}],"wp:featuredmedia":[{"embeddable":true,"href":"https:\/\/lequotidien-deconstantine.dz\/index.php?rest_route=\/wp\/v2\/media\/3887"}],"wp:attachment":[{"href":"https:\/\/lequotidien-deconstantine.dz\/index.php?rest_route=%2Fwp%2Fv2%2Fmedia&parent=3886"}],"wp:term":[{"taxonomy":"category","embeddable":true,"href":"https:\/\/lequotidien-deconstantine.dz\/index.php?rest_route=%2Fwp%2Fv2%2Fcategories&post=3886"},{"taxonomy":"post_tag","embeddable":true,"href":"https:\/\/lequotidien-deconstantine.dz\/index.php?rest_route=%2Fwp%2Fv2%2Ftags&post=3886"}],"curies":[{"name":"wp","href":"https:\/\/api.w.org\/{rel}","templated":true}]}}