{"id":3893,"date":"2026-01-27T07:37:01","date_gmt":"2026-01-27T06:37:01","guid":{"rendered":"https:\/\/lequotidien-deconstantine.dz\/?p=3893"},"modified":"2026-01-27T07:37:03","modified_gmt":"2026-01-27T06:37:03","slug":"cap-sur-la-relance-halieutique","status":"publish","type":"post","link":"https:\/\/lequotidien-deconstantine.dz\/?p=3893","title":{"rendered":"Cap sur la relance halieutique"},"content":{"rendered":"\n<p>Le secteur de la p\u00eache et de l\u2019aquaculture s\u2019appr\u00eate \u00e0 franchir un tournant strat\u00e9gique en Alg\u00e9rie. C\u2019est le message central port\u00e9 par le directeur g\u00e9n\u00e9ral de la p\u00eache et de l\u2019aquaculture au minist\u00e8re de l\u2019Agriculture, Miloud Tria, lors de son intervention \u00e0 l\u2019\u00e9mission <em>L\u2019Invit\u00e9 du jour<\/em> sur la Cha\u00eene 3 de la Radio alg\u00e9rienne. \u00c0 travers une feuille de route structur\u00e9e, les autorit\u00e9s ambitionnent de relancer durablement un secteur \u00e0 fort potentiel, mais encore insuffisamment exploit\u00e9.<\/p>\n\n\n\n<p>Cette prise de parole intervient au lendemain d\u2019un Conseil des ministres au cours duquel le pr\u00e9sident de la R\u00e9publique a r\u00e9affirm\u00e9 \u00ab l\u2019engagement de l\u2019\u00c9tat en faveur des p\u00eacheurs et du d\u00e9veloppement durable des ressources halieutiques \u00bb, confirmant ainsi la priorit\u00e9 accord\u00e9e \u00e0 ce domaine strat\u00e9gique.<\/p>\n\n\n\n<p><strong>Une feuille de route issue d\u2019une large concertation<\/strong><\/p>\n\n\n\n<p>Selon Miloud Tria, la feuille de route dite \u00ab 2026 \u00bb, qui couvre en r\u00e9alit\u00e9 la p\u00e9riode 2026-2028, est le fruit d\u2019un travail approfondi de concertation avec l\u2019ensemble des professionnels du secteur. \u00ab Ce travail collectif a permis d\u2019\u00e9tablir un diagnostic pr\u00e9cis des politiques men\u00e9es depuis 2020, en identifiant \u00e0 la fois les r\u00e9sultats obtenus et les actions rest\u00e9es sans impact r\u00e9el sur le terrain \u00bb, a-t-il expliqu\u00e9.<\/p>\n\n\n\n<p>Parmi les avanc\u00e9es majeures, le responsable a salu\u00e9 la hausse du quota national de thon rouge, port\u00e9 \u00e0 plus de 2 460 tonnes pour 2026, un r\u00e9sultat obtenu, selon lui, gr\u00e2ce \u00e0 un travail technique rigoureux et \u00e0 des efforts diplomatiques soutenus. \u00ab Nous avons r\u00e9cup\u00e9r\u00e9 la position historique de l\u2019Alg\u00e9rie \u00bb, s\u2019est-il f\u00e9licit\u00e9, estimant que cette \u00e9volution ouvre la voie \u00e0 une meilleure valorisation locale de la ressource, notamment \u00e0 travers des projets d\u2019engraissement \u00e0 forte valeur ajout\u00e9e.<\/p>\n\n\n\n<p>Pour Miloud Tria, l\u2019ann\u00e9e 2026 marquera un v\u00e9ritable point de bascule, avec le lancement d\u2019une relance structur\u00e9e, concert\u00e9e et durable du secteur de la p\u00eache et de l\u2019aquaculture.<\/p>\n\n\n\n<p><strong>Une flotte d\u00e9s\u00e9quilibr\u00e9e et une production qui stagne<\/strong><\/p>\n\n\n\n<p>Le diagnostic dress\u00e9 par les autorit\u00e9s met cependant en lumi\u00e8re plusieurs fragilit\u00e9s structurelles. Aujourd\u2019hui, 65 % de la flotte nationale est compos\u00e9e de petites embarcations, inadapt\u00e9es \u00e0 la p\u00eache au large ou dans les zones internationales. \u00c0 cela s\u2019ajoute la pr\u00e9sence de plus de 1 600 navires inactifs, immobilis\u00e9s pour des raisons techniques, administratives ou judiciaires.<\/p>\n\n\n\n<p>Cons\u00e9quence directe : malgr\u00e9 l\u2019augmentation du nombre de bateaux, la production nationale reste stable, oscillant entre 100 000 et 110 000 tonnes par an. Une situation qui traduit, selon le directeur g\u00e9n\u00e9ral, une surexploitation de la bande c\u00f4ti\u00e8re et une sous-exploitation des ressources halieutiques disponibles au large.<\/p>\n\n\n\n<p><strong>Un Conseil national des p\u00eacheurs avant le Ramadan<\/strong><\/p>\n\n\n\n<p>Face \u00e0 ces constats, les pouvoirs publics misent sur le dialogue avec les professionnels. Miloud Tria a annonc\u00e9 l\u2019organisation prochaine d\u2019un Conseil national des p\u00eacheurs, pr\u00e9vu avant le mois de Ramadan. Cette rencontre nationale aura pour objectif de pr\u00e9senter en d\u00e9tail le plan d\u2019action 2026 et de d\u00e9battre des solutions concr\u00e8tes aux probl\u00e8mes soulev\u00e9s par les acteurs du secteur.<\/p>\n\n\n\n<p>\u00ab Cette d\u00e9marche s\u2019inscrit dans une approche participative et ouverte \u00e0 l\u2019ensemble des intervenants \u00bb, a-t-il insist\u00e9, soulignant la volont\u00e9 des autorit\u00e9s de construire la r\u00e9forme avec les professionnels et non \u00e0 leur place.<\/p>\n\n\n\n<p><strong>Vers le premier recensement g\u00e9n\u00e9ral de la p\u00eache<\/strong><\/p>\n\n\n\n<p>Autre annonce majeure : le lancement imminent du premier recensement g\u00e9n\u00e9ral de la p\u00eache en Alg\u00e9rie. Un outil jug\u00e9 indispensable pour combler le d\u00e9ficit d\u2019informations fiables sur le secteur. \u00ab Nous ne disposons pas aujourd\u2019hui de donn\u00e9es pr\u00e9cises sur l\u2019ensemble des intervenants, la flotte ou encore la consommation \u00bb, a reconnu Miloud Tria.<\/p>\n\n\n\n<p>Ce recensement sera accompagn\u00e9 d\u2019une enqu\u00eate nationale sur la consommation des produits halieutiques, afin de doter le pays d\u2019une base statistique solide pour orienter les politiques publiques. \u00ab C\u2019est une premi\u00e8re dans le Maghreb \u00bb, a-t-il soulign\u00e9, pr\u00e9cisant qu\u2019un appui technique de la FAO est envisag\u00e9 afin de garantir la cr\u00e9dibilit\u00e9 scientifique de l\u2019op\u00e9ration.<\/p>\n\n\n\n<p><strong>L\u2019aquaculture, levier majeur de croissance<\/strong><\/p>\n\n\n\n<p>Le d\u00e9veloppement de l\u2019aquaculture constitue enfin l\u2019un des piliers centraux de la strat\u00e9gie \u00e0 venir. Aujourd\u2019hui, cette activit\u00e9 ne repr\u00e9sente que 7 % de la production nationale, alors m\u00eame que l\u2019Alg\u00e9rie dispose d\u2019un potentiel important, notamment en aquaculture marine.<\/p>\n\n\n\n<p>L\u2019objectif affich\u00e9 est ambitieux : doubler la production d\u00e8s 2026, gr\u00e2ce \u00e0 l\u2019extension des fermes existantes, \u00e0 l\u2019entr\u00e9e en exploitation de nouvelles installations et \u00e0 une meilleure int\u00e9gration des fili\u00e8res. La wilaya de Chlef a d\u2019ailleurs \u00e9t\u00e9 d\u00e9sign\u00e9e comme zone pilote pour exp\u00e9rimenter ce nouveau mod\u00e8le de d\u00e9veloppement.<\/p>\n\n\n\n<p>L.R.<\/p>\n\n\n\n<p><\/p>\n","protected":false},"excerpt":{"rendered":"<p>Le secteur de la p\u00eache et de l\u2019aquaculture s\u2019appr\u00eate \u00e0 franchir un tournant strat\u00e9gique en Alg\u00e9rie. C\u2019est le message central port\u00e9 par le directeur g\u00e9n\u00e9ral de la p\u00eache et de l\u2019aquaculture au minist\u00e8re de l\u2019Agriculture, Miloud Tria, lors de son intervention \u00e0 l\u2019\u00e9mission L\u2019Invit\u00e9 du jour sur la Cha\u00eene 3 de la Radio alg\u00e9rienne. \u00c0 [&hellip;]<\/p>\n","protected":false},"author":3,"featured_media":3894,"comment_status":"open","ping_status":"open","sticky":false,"template":"","format":"standard","meta":{"footnotes":""},"categories":[8],"tags":[],"class_list":{"0":"post-3893","1":"post","2":"type-post","3":"status-publish","4":"format-standard","5":"has-post-thumbnail","7":"category-economie"},"_links":{"self":[{"href":"https:\/\/lequotidien-deconstantine.dz\/index.php?rest_route=\/wp\/v2\/posts\/3893","targetHints":{"allow":["GET"]}}],"collection":[{"href":"https:\/\/lequotidien-deconstantine.dz\/index.php?rest_route=\/wp\/v2\/posts"}],"about":[{"href":"https:\/\/lequotidien-deconstantine.dz\/index.php?rest_route=\/wp\/v2\/types\/post"}],"author":[{"embeddable":true,"href":"https:\/\/lequotidien-deconstantine.dz\/index.php?rest_route=\/wp\/v2\/users\/3"}],"replies":[{"embeddable":true,"href":"https:\/\/lequotidien-deconstantine.dz\/index.php?rest_route=%2Fwp%2Fv2%2Fcomments&post=3893"}],"version-history":[{"count":1,"href":"https:\/\/lequotidien-deconstantine.dz\/index.php?rest_route=\/wp\/v2\/posts\/3893\/revisions"}],"predecessor-version":[{"id":3895,"href":"https:\/\/lequotidien-deconstantine.dz\/index.php?rest_route=\/wp\/v2\/posts\/3893\/revisions\/3895"}],"wp:featuredmedia":[{"embeddable":true,"href":"https:\/\/lequotidien-deconstantine.dz\/index.php?rest_route=\/wp\/v2\/media\/3894"}],"wp:attachment":[{"href":"https:\/\/lequotidien-deconstantine.dz\/index.php?rest_route=%2Fwp%2Fv2%2Fmedia&parent=3893"}],"wp:term":[{"taxonomy":"category","embeddable":true,"href":"https:\/\/lequotidien-deconstantine.dz\/index.php?rest_route=%2Fwp%2Fv2%2Fcategories&post=3893"},{"taxonomy":"post_tag","embeddable":true,"href":"https:\/\/lequotidien-deconstantine.dz\/index.php?rest_route=%2Fwp%2Fv2%2Ftags&post=3893"}],"curies":[{"name":"wp","href":"https:\/\/api.w.org\/{rel}","templated":true}]}}