{"id":3902,"date":"2026-01-27T07:42:07","date_gmt":"2026-01-27T06:42:07","guid":{"rendered":"https:\/\/lequotidien-deconstantine.dz\/?p=3902"},"modified":"2026-01-27T07:42:10","modified_gmt":"2026-01-27T06:42:10","slug":"sans-papiers-une-mesure-exceptionnelle-pour-rentrer-au-pays","status":"publish","type":"post","link":"https:\/\/lequotidien-deconstantine.dz\/?p=3902","title":{"rendered":"Sans-papiers\u00a0: Une mesure exceptionnelle pour rentrer au pays"},"content":{"rendered":"\n<p>Le minist\u00e8re des Affaires \u00e9trang\u00e8res a appel\u00e9, &nbsp;ce lundi dans un communiqu\u00e9, les citoyens alg\u00e9riens en situation pr\u00e9caire et irr\u00e9guli\u00e8re \u00e0 l\u2019\u00e9tranger, \u00e0 se rapprocher des repr\u00e9sentations diplomatiques et consulaires alg\u00e9riennes dans leurs pays de r\u00e9sidence en vue de d\u00e9poser des demandes de r\u00e9gularisation et les dossiers requis pour b\u00e9n\u00e9ficier de cette mesure, \u00e0 condition de ne pas r\u00e9cidiver dans les faits pour lesquels ils sont poursuivis.<\/p>\n\n\n\n<p><em>\u00ab&nbsp;En application de la d\u00e9cision du pr\u00e9sident de la R\u00e9publique, M. Abdelmadjid Tebboune, portant r\u00e9gularisation de la situation des citoyens se trouvant \u00e0 l\u2019\u00e9tranger en situation pr\u00e9caire et irr\u00e9guli\u00e8re, faisant l\u2019objet de proc\u00e9dures juridiques ou administratives li\u00e9es \u00e0 des faits mineurs en rapport avec l\u2019ordre public ou \u00e0 d\u2019autres faits similaires, le minist\u00e8re des Affaires \u00e9trang\u00e8res informe les personnes concern\u00e9es qu\u2019il leur est possible de r\u00e9gulariser leur situation et de regagner le territoire national dans un cadre organis\u00e9&nbsp;\u00bb<\/em>, pr\u00e9cise la m\u00eame source.<\/p>\n\n\n\n<p>Le minist\u00e8re invite les int\u00e9ress\u00e9s \u00e0 <em>\u00ab&nbsp;se rapprocher des repr\u00e9sentations diplomatiques et consulaires alg\u00e9riennes dans leurs pays de r\u00e9sidence pour d\u00e9poser des demandes de r\u00e9gularisation et les dossiers requis afin de b\u00e9n\u00e9ficier de cette mesure, \u00e0 condition de ne pas r\u00e9cidiver dans les faits pour lesquels ils sont poursuivis&nbsp;\u00bb<\/em>. Le minist\u00e8re rappelle <em>\u00ab&nbsp;l\u2019engagement de l\u2019Etat \u00e0 accompagner les membres de la communaut\u00e9 nationale \u00e9tablie \u00e0 l\u2019\u00e9tranger, \u00e0 les prot\u00e9ger et \u00e0 prendre en charge leurs pr\u00e9occupations, conform\u00e9ment aux instructions des hautes autorit\u00e9s du pays&nbsp;\u00bb.<\/em><\/p>\n\n\n\n<p><\/p>\n","protected":false},"excerpt":{"rendered":"<p>Le minist\u00e8re des Affaires \u00e9trang\u00e8res a appel\u00e9, &nbsp;ce lundi dans un communiqu\u00e9, les citoyens alg\u00e9riens en situation pr\u00e9caire et irr\u00e9guli\u00e8re \u00e0 l\u2019\u00e9tranger, \u00e0 se rapprocher des repr\u00e9sentations diplomatiques et consulaires alg\u00e9riennes dans leurs pays de r\u00e9sidence en vue de d\u00e9poser des demandes de r\u00e9gularisation et les dossiers requis pour b\u00e9n\u00e9ficier de cette mesure, \u00e0 condition [&hellip;]<\/p>\n","protected":false},"author":3,"featured_media":3681,"comment_status":"open","ping_status":"open","sticky":false,"template":"","format":"standard","meta":{"footnotes":""},"categories":[2],"tags":[],"class_list":{"0":"post-3902","1":"post","2":"type-post","3":"status-publish","4":"format-standard","5":"has-post-thumbnail","7":"category-infos"},"_links":{"self":[{"href":"https:\/\/lequotidien-deconstantine.dz\/index.php?rest_route=\/wp\/v2\/posts\/3902","targetHints":{"allow":["GET"]}}],"collection":[{"href":"https:\/\/lequotidien-deconstantine.dz\/index.php?rest_route=\/wp\/v2\/posts"}],"about":[{"href":"https:\/\/lequotidien-deconstantine.dz\/index.php?rest_route=\/wp\/v2\/types\/post"}],"author":[{"embeddable":true,"href":"https:\/\/lequotidien-deconstantine.dz\/index.php?rest_route=\/wp\/v2\/users\/3"}],"replies":[{"embeddable":true,"href":"https:\/\/lequotidien-deconstantine.dz\/index.php?rest_route=%2Fwp%2Fv2%2Fcomments&post=3902"}],"version-history":[{"count":1,"href":"https:\/\/lequotidien-deconstantine.dz\/index.php?rest_route=\/wp\/v2\/posts\/3902\/revisions"}],"predecessor-version":[{"id":3903,"href":"https:\/\/lequotidien-deconstantine.dz\/index.php?rest_route=\/wp\/v2\/posts\/3902\/revisions\/3903"}],"wp:featuredmedia":[{"embeddable":true,"href":"https:\/\/lequotidien-deconstantine.dz\/index.php?rest_route=\/wp\/v2\/media\/3681"}],"wp:attachment":[{"href":"https:\/\/lequotidien-deconstantine.dz\/index.php?rest_route=%2Fwp%2Fv2%2Fmedia&parent=3902"}],"wp:term":[{"taxonomy":"category","embeddable":true,"href":"https:\/\/lequotidien-deconstantine.dz\/index.php?rest_route=%2Fwp%2Fv2%2Fcategories&post=3902"},{"taxonomy":"post_tag","embeddable":true,"href":"https:\/\/lequotidien-deconstantine.dz\/index.php?rest_route=%2Fwp%2Fv2%2Ftags&post=3902"}],"curies":[{"name":"wp","href":"https:\/\/api.w.org\/{rel}","templated":true}]}}