{"id":3911,"date":"2026-01-27T21:42:08","date_gmt":"2026-01-27T20:42:08","guid":{"rendered":"https:\/\/lequotidien-deconstantine.dz\/?p=3911"},"modified":"2026-01-27T21:44:02","modified_gmt":"2026-01-27T20:44:02","slug":"suspension-des-cours-mercredi-et-jeudi-dans-les-wilayas","status":"publish","type":"post","link":"https:\/\/lequotidien-deconstantine.dz\/?p=3911","title":{"rendered":"Suspension des cours mercredi et jeudi dans plusieurs wilayas"},"content":{"rendered":"\n<p>Le minist\u00e8re de l\u2019Education nationale a annonc\u00e9, mardi, la suspension des cours \u00e0 tous les paliers d\u2019enseignement, les mercredi et jeudi, dans les wilayas devant enregistrer des vents violents atteignant jusqu\u2019\u00e0 120 km\/h.<\/p>\n\n\n\n<p>La suspension des cours intervient <em>\u00ab&nbsp;suite au t\u00e9l\u00e9gramme urgent \u00e9manant du minist\u00e8re de l\u2019Int\u00e9rieur, des Collectivit\u00e9s locales et de l\u2019Am\u00e9nagement du territoire, relatif au Bulletin m\u00e9t\u00e9orologique sp\u00e9cial (BMS) mettant en garde contre des vents violents pouvant atteindre 120 km\/h, \u00e0 compter du mardi 27 janvier 2026 \u00e0 15h00 jusqu\u2019au jeudi 29 janvier 2026&nbsp;\u00bb.<\/em><\/p>\n\n\n\n<p>Les wilayas concern\u00e9es par cette mesure sont : Oran, Tlemcen, A\u00efn Temouchent, Mostaganem, Sidi Bel Abb\u00e8s, Sa\u00efda, Tiaret, Tissemsilt, Mascara, Relizane, Na\u00e2ma, El Bayadh, Chlef, Tipaza, Alger, Boumerd\u00e8s, Tizi Ouzou, B\u00e9ja\u00efa, A\u00efn Defla, Blida, M\u00e9d\u00e9a, Bouira, Jijel, Skikda, Annaba, El Tarf, Bordj Bou Arreridj, S\u00e9tif, Mila, Guelma, Oum El Bouaghi, Khenchela, T\u00e9bessa, Biskra, M\u2019Sila, Djelfa, Laghouat, Ouled Djellal, Souk Ahras, Batna et Constantine. Ainsi, <em>\u00ab&nbsp;le minist\u00e8re de l\u2019Education nationale annonce la suspension des cours \u00e0 tous les paliers d\u2019enseignement, les mercredi 28 et jeudi 29 janvier 2026, dans les wilayas susmentionn\u00e9es&nbsp;\u00bb<\/em>, conclut le communiqu\u00e9.<\/p>\n\n\n\n<p><\/p>\n","protected":false},"excerpt":{"rendered":"<p>Le minist\u00e8re de l\u2019Education nationale a annonc\u00e9, mardi, la suspension des cours \u00e0 tous les paliers d\u2019enseignement, les mercredi et jeudi, dans les wilayas devant enregistrer des vents violents atteignant jusqu\u2019\u00e0 120 km\/h. La suspension des cours intervient \u00ab&nbsp;suite au t\u00e9l\u00e9gramme urgent \u00e9manant du minist\u00e8re de l\u2019Int\u00e9rieur, des Collectivit\u00e9s locales et de l\u2019Am\u00e9nagement du territoire, [&hellip;]<\/p>\n","protected":false},"author":3,"featured_media":3912,"comment_status":"open","ping_status":"open","sticky":false,"template":"","format":"standard","meta":{"footnotes":""},"categories":[2],"tags":[],"class_list":{"0":"post-3911","1":"post","2":"type-post","3":"status-publish","4":"format-standard","5":"has-post-thumbnail","7":"category-infos"},"_links":{"self":[{"href":"https:\/\/lequotidien-deconstantine.dz\/index.php?rest_route=\/wp\/v2\/posts\/3911","targetHints":{"allow":["GET"]}}],"collection":[{"href":"https:\/\/lequotidien-deconstantine.dz\/index.php?rest_route=\/wp\/v2\/posts"}],"about":[{"href":"https:\/\/lequotidien-deconstantine.dz\/index.php?rest_route=\/wp\/v2\/types\/post"}],"author":[{"embeddable":true,"href":"https:\/\/lequotidien-deconstantine.dz\/index.php?rest_route=\/wp\/v2\/users\/3"}],"replies":[{"embeddable":true,"href":"https:\/\/lequotidien-deconstantine.dz\/index.php?rest_route=%2Fwp%2Fv2%2Fcomments&post=3911"}],"version-history":[{"count":2,"href":"https:\/\/lequotidien-deconstantine.dz\/index.php?rest_route=\/wp\/v2\/posts\/3911\/revisions"}],"predecessor-version":[{"id":3914,"href":"https:\/\/lequotidien-deconstantine.dz\/index.php?rest_route=\/wp\/v2\/posts\/3911\/revisions\/3914"}],"wp:featuredmedia":[{"embeddable":true,"href":"https:\/\/lequotidien-deconstantine.dz\/index.php?rest_route=\/wp\/v2\/media\/3912"}],"wp:attachment":[{"href":"https:\/\/lequotidien-deconstantine.dz\/index.php?rest_route=%2Fwp%2Fv2%2Fmedia&parent=3911"}],"wp:term":[{"taxonomy":"category","embeddable":true,"href":"https:\/\/lequotidien-deconstantine.dz\/index.php?rest_route=%2Fwp%2Fv2%2Fcategories&post=3911"},{"taxonomy":"post_tag","embeddable":true,"href":"https:\/\/lequotidien-deconstantine.dz\/index.php?rest_route=%2Fwp%2Fv2%2Ftags&post=3911"}],"curies":[{"name":"wp","href":"https:\/\/api.w.org\/{rel}","templated":true}]}}