{"id":4225,"date":"2026-03-07T13:57:38","date_gmt":"2026-03-07T12:57:38","guid":{"rendered":"https:\/\/lequotidien-deconstantine.dz\/?p=4225"},"modified":"2026-03-07T13:57:41","modified_gmt":"2026-03-07T12:57:41","slug":"tala-hamza-un-geant-minier-a-lhorizon","status":"publish","type":"post","link":"https:\/\/lequotidien-deconstantine.dz\/?p=4225","title":{"rendered":"Tala Hamza\u00a0: Un g\u00e9ant minier \u00e0 l\u2019horizon"},"content":{"rendered":"\n<p>Apr\u00e8s la mise en exploitation du gisement de Gara Djebilet, l\u2019Alg\u00e9rie s\u2019appr\u00eate \u00e0 concr\u00e9tiser un nouveau projet minier majeur dans la wilaya de B\u00e9ja\u00efa. Il s\u2019agit de la mine de Tala Hamza \u2013 Oued Amizour, un site strat\u00e9gique pour l\u2019\u00e9conomie nationale et le d\u00e9veloppement local, dont l\u2019exploitation sera lanc\u00e9e dans les prochains jours, a annonc\u00e9 la wilaya.<\/p>\n\n\n\n<p>Le projet a \u00e9t\u00e9 pr\u00e9sent\u00e9 et finalis\u00e9 lors d\u2019une r\u00e9union rassemblant plusieurs acteurs cl\u00e9s. \u00c9taient pr\u00e9sents le wali de B\u00e9ja\u00efa, Kamel Eddine Kerbouche, les \u00e9lus de la wilaya au Parlement, le PDG du groupe minier public Sonarem, R\u00e9da Belhadj, ainsi que la directrice du projet repr\u00e9sentant la soci\u00e9t\u00e9 mixte alg\u00e9ro-australienne qui exploitera la mine. Les citoyens du village d\u2019A\u00eft Bouzid, propri\u00e9taires des terres concern\u00e9es, ont \u00e9galement \u00e9t\u00e9 convi\u00e9s afin de garantir leur implication dans le projet.<\/p>\n\n\n\n<p>Selon le communiqu\u00e9 de la wilaya publi\u00e9 sur les r\u00e9seaux sociaux le 4 mars, cette r\u00e9union a permis de finaliser les derniers pr\u00e9paratifs avant le lancement officiel de l\u2019exploitation, conform\u00e9ment aux directives du Pr\u00e9sident de la R\u00e9publique. Les participants ont exprim\u00e9 leur satisfaction quant \u00e0 l\u2019avanc\u00e9e des travaux et ont soulign\u00e9 l\u2019importance strat\u00e9gique du projet pour la wilaya et le pays.<\/p>\n\n\n\n<p>Le wali de B\u00e9ja\u00efa a rappel\u00e9 que ce projet repr\u00e9sente une v\u00e9ritable opportunit\u00e9 de d\u00e9veloppement \u00e9conomique et social. Il permettra la cr\u00e9ation d\u2019emplois directs et indirects, le renforcement des opportunit\u00e9s de formation pour les jeunes et professionnels locaux, le d\u00e9veloppement de l\u2019industrie mini\u00e8re de transformation, ainsi que le transfert de technologies et de savoir-faire dans le domaine minier.<\/p>\n\n\n\n<p>Le gisement de Tala Hamza \u2013 Oued Amizour est reconnu comme l\u2019un des plus importants au niveau mondial pour le zinc et le plomb, se classant 12? mondial en termes de r\u00e9serves. Le co\u00fbt total de l\u2019investissement est estim\u00e9 \u00e0 471 millions de dollars, et un permis d\u2019exploitation a \u00e9t\u00e9 d\u00e9livr\u00e9 \u00e0 la joint-venture alg\u00e9ro-australienne Western Mediterranean Zinc. La production annuelle pr\u00e9vue est de 170.000 tonnes de concentr\u00e9 de zinc et de 30.000 tonnes de plomb, contribuant ainsi de mani\u00e8re significative \u00e0 la balance commerciale et aux revenus de l\u2019Alg\u00e9rie.<\/p>\n\n\n\n<p><strong>Un troisi\u00e8me projet d\u2019envergure \u00e0 T\u00e9bessa<\/strong><\/p>\n\n\n\n<p>Ce lancement marque la concr\u00e9tisation de deux des trois grands projets miniers entrepris ces derni\u00e8res ann\u00e9es par l\u2019Alg\u00e9rie, apr\u00e8s la mise en exploitation du gisement de Gara Djebilet, pr\u00e8s de Tindouf. Le troisi\u00e8me projet d\u2019envergure concerne le gisement de phosphate de T\u00e9bessa, dont la mise en production est pr\u00e9vue pour 2027, compl\u00e9tant ainsi la strat\u00e9gie nationale visant \u00e0 renforcer le secteur minier et \u00e0 diversifier l\u2019\u00e9conomie du pays.<\/p>\n\n\n\n<p>Avec l\u2019exploitation de ce nouveau gisement, l\u2019Alg\u00e9rie confirme sa volont\u00e9 de devenir un acteur majeur sur le march\u00e9 mondial des m\u00e9taux strat\u00e9giques, tout en stimulant le d\u00e9veloppement local et en consolidant son industrie mini\u00e8re nationale.<\/p>\n\n\n\n<p>L.R.<\/p>\n\n\n\n<p><\/p>\n","protected":false},"excerpt":{"rendered":"<p>Apr\u00e8s la mise en exploitation du gisement de Gara Djebilet, l\u2019Alg\u00e9rie s\u2019appr\u00eate \u00e0 concr\u00e9tiser un nouveau projet minier majeur dans la wilaya de B\u00e9ja\u00efa. Il s\u2019agit de la mine de Tala Hamza \u2013 Oued Amizour, un site strat\u00e9gique pour l\u2019\u00e9conomie nationale et le d\u00e9veloppement local, dont l\u2019exploitation sera lanc\u00e9e dans les prochains jours, a annonc\u00e9 [&hellip;]<\/p>\n","protected":false},"author":3,"featured_media":4226,"comment_status":"open","ping_status":"open","sticky":false,"template":"","format":"standard","meta":{"footnotes":""},"categories":[2],"tags":[],"class_list":{"0":"post-4225","1":"post","2":"type-post","3":"status-publish","4":"format-standard","5":"has-post-thumbnail","7":"category-infos"},"_links":{"self":[{"href":"https:\/\/lequotidien-deconstantine.dz\/index.php?rest_route=\/wp\/v2\/posts\/4225","targetHints":{"allow":["GET"]}}],"collection":[{"href":"https:\/\/lequotidien-deconstantine.dz\/index.php?rest_route=\/wp\/v2\/posts"}],"about":[{"href":"https:\/\/lequotidien-deconstantine.dz\/index.php?rest_route=\/wp\/v2\/types\/post"}],"author":[{"embeddable":true,"href":"https:\/\/lequotidien-deconstantine.dz\/index.php?rest_route=\/wp\/v2\/users\/3"}],"replies":[{"embeddable":true,"href":"https:\/\/lequotidien-deconstantine.dz\/index.php?rest_route=%2Fwp%2Fv2%2Fcomments&post=4225"}],"version-history":[{"count":1,"href":"https:\/\/lequotidien-deconstantine.dz\/index.php?rest_route=\/wp\/v2\/posts\/4225\/revisions"}],"predecessor-version":[{"id":4227,"href":"https:\/\/lequotidien-deconstantine.dz\/index.php?rest_route=\/wp\/v2\/posts\/4225\/revisions\/4227"}],"wp:featuredmedia":[{"embeddable":true,"href":"https:\/\/lequotidien-deconstantine.dz\/index.php?rest_route=\/wp\/v2\/media\/4226"}],"wp:attachment":[{"href":"https:\/\/lequotidien-deconstantine.dz\/index.php?rest_route=%2Fwp%2Fv2%2Fmedia&parent=4225"}],"wp:term":[{"taxonomy":"category","embeddable":true,"href":"https:\/\/lequotidien-deconstantine.dz\/index.php?rest_route=%2Fwp%2Fv2%2Fcategories&post=4225"},{"taxonomy":"post_tag","embeddable":true,"href":"https:\/\/lequotidien-deconstantine.dz\/index.php?rest_route=%2Fwp%2Fv2%2Ftags&post=4225"}],"curies":[{"name":"wp","href":"https:\/\/api.w.org\/{rel}","templated":true}]}}