{"id":4228,"date":"2026-03-07T14:01:43","date_gmt":"2026-03-07T13:01:43","guid":{"rendered":"https:\/\/lequotidien-deconstantine.dz\/?p=4228"},"modified":"2026-03-07T14:01:45","modified_gmt":"2026-03-07T13:01:45","slug":"lemir-abdelkader-renait-par-ses-armes-et-sa-memoire","status":"publish","type":"post","link":"https:\/\/lequotidien-deconstantine.dz\/?p=4228","title":{"rendered":"L\u2019\u00c9mir Abdelkader rena\u00eet par ses armes et sa m\u00e9moire"},"content":{"rendered":"\n<p>Un nouveau chapitre s\u2019ouvre dans le dossier m\u00e9moriel entre l\u2019Alg\u00e9rie et la France. Des armes ayant appartenu \u00e0 l\u2019\u00c9mir Abdelkader, figure embl\u00e9matique de la r\u00e9sistance alg\u00e9rienne au XIX? si\u00e8cle, seront restitu\u00e9es \u00ab prochainement \u00bb \u00e0 l\u2019Alg\u00e9rie, a confirm\u00e9 l\u2019historien Benjamin Stora \u00e0 TSA.<\/p>\n\n\n\n<p>Stora, d\u00e9sign\u00e9 chef de file c\u00f4t\u00e9 fran\u00e7ais de la commission mixte d\u2019historiens cr\u00e9\u00e9e en 2022 par les pr\u00e9sidents Abdelmadjid Tebboune et Emmanuel Macron, a rappel\u00e9 que les travaux de la commission sont actuellement gel\u00e9s, en raison de la crise politique d\u00e9clench\u00e9e entre les deux pays en juillet 2024.<\/p>\n\n\n\n<p>Les armes en question ont r\u00e9cemment \u00e9t\u00e9 pr\u00e9sent\u00e9es lors d\u2019une exposition organis\u00e9e mercredi 4 mars \u00e0 Stains, en Seine-Saint-Denis, en \u00cele-de-France. Selon Benjamin Stora, elles ont \u00e9t\u00e9 acquises par une association intitul\u00e9e \u00ab F\u00e9d\u00e9ration franco-alg\u00e9rienne du renouveau \u00bb et expos\u00e9es \u00e0 l\u2019occasion d\u2019un Iftar organis\u00e9 par l\u2019association, en pr\u00e9sence de Stora et du maire de la ville. L\u2019historien ignore le montant pour lequel ces armes ont \u00e9t\u00e9 achet\u00e9es.<\/p>\n\n\n\n<p>Dans son rapport sur les m\u00e9moires de la colonisation, remis en 2021 au pr\u00e9sident Emmanuel Macron, Stora avait recommand\u00e9, parmi plusieurs mesures, la restitution \u00e0 l\u2019Alg\u00e9rie des objets saisis par les autorit\u00e9s coloniales, ainsi que des archives. Les membres alg\u00e9riens de la commission ont \u00e9galement exprim\u00e9 cette demande, mais les autorit\u00e9s fran\u00e7aises ont tard\u00e9 \u00e0 la satisfaire.<\/p>\n\n\n\n<p>\u00ab Les historiens alg\u00e9riens ont r\u00e9clam\u00e9, par exemple concernant l\u2019\u00c9mir Abdelkader, la restitution de son Coran personnel, de son b\u00e2ton de commandement, de son \u00e9p\u00e9e et de son burnous \u00bb, expliquait Stora en mai dernier sur France Culture. \u00ab Ce sont des objets tr\u00e8s simples \u00e0 restituer. Cela n\u2019a pas \u00e9t\u00e9 fait, et on nous parle encore de repentance. \u00bb<\/p>\n\n\n\n<p><strong>L\u2019\u00c9mir Abdelkader : figure de la r\u00e9sistance et symbole national<\/strong><\/p>\n\n\n\n<p>N\u00e9 en 1808 \u00e0 El Guetna dans l\u2019actuelle wilaya de Mascara, l\u2019\u00c9mir Abdelkader s\u2019est illustr\u00e9 comme chef militaire et religieux en menant la r\u00e9sistance contre l\u2019occupation fran\u00e7aise. Fondateur d\u2019un \u00c9tat \u00e9ph\u00e9m\u00e8re dans l\u2019ouest de l\u2019Alg\u00e9rie, il est \u00e9galement reconnu pour son humanisme et son respect des droits de l\u2019homme, ayant prot\u00e9g\u00e9 les populations civiles et les communaut\u00e9s religieuses dans un contexte de guerre coloniale. Sa vision politique et spirituelle, combinant leadership militaire et sagesse religieuse, a fait de lui une figure embl\u00e9matique non seulement pour l\u2019Alg\u00e9rie, mais \u00e9galement sur le plan international, inspirant les mouvements de r\u00e9sistance et les penseurs de son temps.<\/p>\n\n\n\n<p><strong>Un hommage cin\u00e9matographique de grande envergure<\/strong><\/p>\n\n\n\n<p>Pour c\u00e9l\u00e9brer cet h\u00e9ritage, l\u2019Alg\u00e9rie a r\u00e9cemment lanc\u00e9 un m\u00e9ga projet cin\u00e9matographique retra\u00e7ant la vie et les combats de l\u2019\u00c9mir Abdelkader. Ce film, produit avec des moyens consid\u00e9rables, met en avant les batailles contre l\u2019occupation fran\u00e7aise, son r\u00f4le de chef d\u2019\u00c9tat et sa vision humaniste, et mobilise des \u00e9quipes nationales et internationales pour garantir authenticit\u00e9 historique et qualit\u00e9 cin\u00e9matographique. Selon les producteurs, le film vise non seulement \u00e0 rendre hommage \u00e0 cette figure nationale, mais \u00e9galement \u00e0 renforcer la m\u00e9moire collective et \u00e0 inspirer les nouvelles g\u00e9n\u00e9rations sur les valeurs de courage, de justice et de dignit\u00e9 port\u00e9es par l\u2019\u00c9mir.<\/p>\n\n\n\n<p>Avec la restitution prochaine de ses armes et de ses objets personnels, et ce projet cin\u00e9matographique ambitieux, l\u2019Alg\u00e9rie r\u00e9affirme son attachement \u00e0 sa m\u00e9moire historique et \u00e0 ses h\u00e9ros, tout en consolidant son dialogue avec la France sur le plan m\u00e9moriel et culturel.<\/p>\n\n\n\n<p><strong>L.R.<\/strong><\/p>\n\n\n\n<p><\/p>\n","protected":false},"excerpt":{"rendered":"<p>Un nouveau chapitre s\u2019ouvre dans le dossier m\u00e9moriel entre l\u2019Alg\u00e9rie et la France. Des armes ayant appartenu \u00e0 l\u2019\u00c9mir Abdelkader, figure embl\u00e9matique de la r\u00e9sistance alg\u00e9rienne au XIX? si\u00e8cle, seront restitu\u00e9es \u00ab prochainement \u00bb \u00e0 l\u2019Alg\u00e9rie, a confirm\u00e9 l\u2019historien Benjamin Stora \u00e0 TSA. Stora, d\u00e9sign\u00e9 chef de file c\u00f4t\u00e9 fran\u00e7ais de la commission mixte d\u2019historiens [&hellip;]<\/p>\n","protected":false},"author":3,"featured_media":4229,"comment_status":"open","ping_status":"open","sticky":false,"template":"","format":"standard","meta":{"footnotes":""},"categories":[5],"tags":[],"class_list":{"0":"post-4228","1":"post","2":"type-post","3":"status-publish","4":"format-standard","5":"has-post-thumbnail","7":"category-culture"},"_links":{"self":[{"href":"https:\/\/lequotidien-deconstantine.dz\/index.php?rest_route=\/wp\/v2\/posts\/4228","targetHints":{"allow":["GET"]}}],"collection":[{"href":"https:\/\/lequotidien-deconstantine.dz\/index.php?rest_route=\/wp\/v2\/posts"}],"about":[{"href":"https:\/\/lequotidien-deconstantine.dz\/index.php?rest_route=\/wp\/v2\/types\/post"}],"author":[{"embeddable":true,"href":"https:\/\/lequotidien-deconstantine.dz\/index.php?rest_route=\/wp\/v2\/users\/3"}],"replies":[{"embeddable":true,"href":"https:\/\/lequotidien-deconstantine.dz\/index.php?rest_route=%2Fwp%2Fv2%2Fcomments&post=4228"}],"version-history":[{"count":1,"href":"https:\/\/lequotidien-deconstantine.dz\/index.php?rest_route=\/wp\/v2\/posts\/4228\/revisions"}],"predecessor-version":[{"id":4230,"href":"https:\/\/lequotidien-deconstantine.dz\/index.php?rest_route=\/wp\/v2\/posts\/4228\/revisions\/4230"}],"wp:featuredmedia":[{"embeddable":true,"href":"https:\/\/lequotidien-deconstantine.dz\/index.php?rest_route=\/wp\/v2\/media\/4229"}],"wp:attachment":[{"href":"https:\/\/lequotidien-deconstantine.dz\/index.php?rest_route=%2Fwp%2Fv2%2Fmedia&parent=4228"}],"wp:term":[{"taxonomy":"category","embeddable":true,"href":"https:\/\/lequotidien-deconstantine.dz\/index.php?rest_route=%2Fwp%2Fv2%2Fcategories&post=4228"},{"taxonomy":"post_tag","embeddable":true,"href":"https:\/\/lequotidien-deconstantine.dz\/index.php?rest_route=%2Fwp%2Fv2%2Ftags&post=4228"}],"curies":[{"name":"wp","href":"https:\/\/api.w.org\/{rel}","templated":true}]}}