{"id":4252,"date":"2026-03-08T21:48:26","date_gmt":"2026-03-08T20:48:26","guid":{"rendered":"https:\/\/lequotidien-deconstantine.dz\/?p=4252"},"modified":"2026-03-08T21:48:29","modified_gmt":"2026-03-08T20:48:29","slug":"aid-el-adha-le-prix-du-mouton-importe-plafonne-a-50-000-da","status":"publish","type":"post","link":"https:\/\/lequotidien-deconstantine.dz\/?p=4252","title":{"rendered":"\u00a0A\u00efd El-Adha\u00a0: Le prix du mouton import\u00e9 plafonn\u00e9 \u00e0 50 000 DA"},"content":{"rendered":"\n<p>\u00c0 l\u2019approche de l\u2019A\u00efd El-Adha 2026, le pr\u00e9sident de la R\u00e9publique, Abdelmadjid Tebboune, a pris ce dimanche des mesures in\u00e9dites pour s\u00e9curiser le march\u00e9 et prot\u00e9ger le pouvoir d\u2019achat des citoyens. L\u2019op\u00e9ration d\u2019importation d\u2019un million de moutons sera encadr\u00e9e de pr\u00e8s : le prix de vente des ovins import\u00e9s aux citoyens ne pourra d\u00e9passer 50 000 dinars, un plafond fix\u00e9 par le chef de l\u2019\u00c9tat afin de lutter contre la sp\u00e9culation et les pratiques frauduleuses.<\/p>\n\n\n\n<p>Le pr\u00e9sident a \u00e9galement insist\u00e9 sur un suivi quotidien et rigoureux de l\u2019op\u00e9ration par les services gouvernementaux, afin de pr\u00e9venir toute tentative de fraude, de contrebande ou d\u2019inflation artificielle. Des sanctions strictes seront appliqu\u00e9es contre les sp\u00e9culateurs, pouvant aller jusqu\u2019\u00e0 l\u2019inscription sur des listes noires et leur exclusion d\u00e9finitive du commerce et de l\u2019importation.<\/p>\n\n\n\n<p>Cette d\u00e9cision a \u00e9t\u00e9 annonc\u00e9e lors d\u2019une r\u00e9union du Conseil des ministres, consacr\u00e9e \u00e0 un large \u00e9ventail de dossiers l\u00e9gislatifs et socio-\u00e9conomiques. Outre l\u2019A\u00efd, le gouvernement a pass\u00e9 en revue les pr\u00e9paratifs du Hadj, le projet de plan national pour la jeunesse (2026-2029), et la lutte contre l\u2019invasion de criquets dans l\u2019extr\u00eame Sud du pays.<\/p>\n\n\n\n<p>Dans le cadre du plan jeunesse, le pr\u00e9sident Tebboune a soulign\u00e9 la n\u00e9cessit\u00e9 de garantir l\u2019emploi et la protection sociale des jeunes, tout en renfor\u00e7ant les initiatives sportives et les maisons de jeunes dans chaque commune. Il a \u00e9galement insist\u00e9 sur la lutte contre la drogue, consid\u00e9r\u00e9e comme une menace directe pour cette tranche essentielle de la soci\u00e9t\u00e9.<\/p>\n\n\n\n<p>La r\u00e9union a \u00e9galement abord\u00e9 la r\u00e9vision de la loi sur les circonscriptions \u00e9lectorales et le nombre de si\u00e8ges parlementaires, avec la d\u00e9cision de cr\u00e9er une commission d\u00e9di\u00e9e et de consulter les partis politiques avant l\u2019adoption finale du texte.<\/p>\n\n\n\n<p>Sur le plan environnemental, le pr\u00e9sident a rappel\u00e9 que l\u2019adaptation au changement climatique et la protection de la sant\u00e9 publique sont des enjeux de s\u00e9curit\u00e9 nationale. Il a ainsi demand\u00e9 le renforcement des laboratoires de contr\u00f4le aux ports et a\u00e9roports, et l\u2019acc\u00e9l\u00e9ration du traitement des eaux us\u00e9es pour atteindre au moins 30 % de taux d\u2019exploitation.<\/p>\n\n\n\n<p>Enfin, face \u00e0 l\u2019invasion de criquets, des mesures de lutte renforc\u00e9es ont \u00e9t\u00e9 ordonn\u00e9es, incluant l\u2019\u00e9pandage a\u00e9rien de pesticides et l\u2019utilisation de technologies satellitaires pour anticiper et limiter les d\u00e9g\u00e2ts, notamment dans les zones frontali\u00e8res.<\/p>\n\n\n\n<p>Le message est clair : pour l\u2019A\u00efd El-Adha 2026, l\u2019\u00c9tat alg\u00e9rien entend prot\u00e9ger \u00e0 la fois le consommateur et l\u2019\u00e9conomie nationale, tout en poursuivant ses objectifs de d\u00e9veloppement social, sanitaire et environnemental.<\/p>\n\n\n\n<p>L.R.<\/p>\n\n\n\n<p><\/p>\n","protected":false},"excerpt":{"rendered":"<p>\u00c0 l\u2019approche de l\u2019A\u00efd El-Adha 2026, le pr\u00e9sident de la R\u00e9publique, Abdelmadjid Tebboune, a pris ce dimanche des mesures in\u00e9dites pour s\u00e9curiser le march\u00e9 et prot\u00e9ger le pouvoir d\u2019achat des citoyens. L\u2019op\u00e9ration d\u2019importation d\u2019un million de moutons sera encadr\u00e9e de pr\u00e8s : le prix de vente des ovins import\u00e9s aux citoyens ne pourra d\u00e9passer 50 [&hellip;]<\/p>\n","protected":false},"author":3,"featured_media":4253,"comment_status":"open","ping_status":"open","sticky":false,"template":"","format":"standard","meta":{"footnotes":""},"categories":[2],"tags":[],"class_list":{"0":"post-4252","1":"post","2":"type-post","3":"status-publish","4":"format-standard","5":"has-post-thumbnail","7":"category-infos"},"_links":{"self":[{"href":"https:\/\/lequotidien-deconstantine.dz\/index.php?rest_route=\/wp\/v2\/posts\/4252","targetHints":{"allow":["GET"]}}],"collection":[{"href":"https:\/\/lequotidien-deconstantine.dz\/index.php?rest_route=\/wp\/v2\/posts"}],"about":[{"href":"https:\/\/lequotidien-deconstantine.dz\/index.php?rest_route=\/wp\/v2\/types\/post"}],"author":[{"embeddable":true,"href":"https:\/\/lequotidien-deconstantine.dz\/index.php?rest_route=\/wp\/v2\/users\/3"}],"replies":[{"embeddable":true,"href":"https:\/\/lequotidien-deconstantine.dz\/index.php?rest_route=%2Fwp%2Fv2%2Fcomments&post=4252"}],"version-history":[{"count":1,"href":"https:\/\/lequotidien-deconstantine.dz\/index.php?rest_route=\/wp\/v2\/posts\/4252\/revisions"}],"predecessor-version":[{"id":4254,"href":"https:\/\/lequotidien-deconstantine.dz\/index.php?rest_route=\/wp\/v2\/posts\/4252\/revisions\/4254"}],"wp:featuredmedia":[{"embeddable":true,"href":"https:\/\/lequotidien-deconstantine.dz\/index.php?rest_route=\/wp\/v2\/media\/4253"}],"wp:attachment":[{"href":"https:\/\/lequotidien-deconstantine.dz\/index.php?rest_route=%2Fwp%2Fv2%2Fmedia&parent=4252"}],"wp:term":[{"taxonomy":"category","embeddable":true,"href":"https:\/\/lequotidien-deconstantine.dz\/index.php?rest_route=%2Fwp%2Fv2%2Fcategories&post=4252"},{"taxonomy":"post_tag","embeddable":true,"href":"https:\/\/lequotidien-deconstantine.dz\/index.php?rest_route=%2Fwp%2Fv2%2Ftags&post=4252"}],"curies":[{"name":"wp","href":"https:\/\/api.w.org\/{rel}","templated":true}]}}