{"id":4274,"date":"2026-03-10T23:02:45","date_gmt":"2026-03-10T22:02:45","guid":{"rendered":"https:\/\/lequotidien-deconstantine.dz\/?p=4274"},"modified":"2026-03-10T23:02:47","modified_gmt":"2026-03-10T22:02:47","slug":"visite-du-pape-leon-xiv-en-algerie-sur-les-traces-de-saint-augustin","status":"publish","type":"post","link":"https:\/\/lequotidien-deconstantine.dz\/?p=4274","title":{"rendered":"Visite du pape L\u00e9on XIV en Alg\u00e9rie\u00a0: \u00a0Sur les traces de Saint-Augustin"},"content":{"rendered":"\n<p>Le pape Pope Leo XIV est attendu en Alg\u00e9rie du 13 au 15 avril prochain pour une visite qui s\u2019annonce \u00e0 la fois symbolique et diplomatique. Premier d\u00e9placement africain du souverain pontife depuis son \u00e9lection, cette \u00e9tape alg\u00e9rienne marquera le d\u00e9but d\u2019une tourn\u00e9e sur le continent, qui le conduira ensuite au Cameroun, en Angola et en Guin\u00e9e \u00e9quatoriale.<\/p>\n\n\n\n<p>\u00c0 Alger, la visite est per\u00e7ue comme un moment fort de dialogue interreligieux. Dans un entretien accord\u00e9 au quotidien <em>Le Parisien<\/em>, le cardinal Jean-Paul Vesco, archev\u00eaque d\u2019Alger, a d\u00e9voil\u00e9 les grandes lignes de ce d\u00e9placement qu\u2019il qualifie d\u2019\u00ab historique \u00bb.<\/p>\n\n\n\n<p><strong>Une visite au-del\u00e0 de l\u2019h\u00e9ritage de Saint-Augustin<\/strong><\/p>\n\n\n\n<p>Selon le cardinal Vesco, il serait \u00ab r\u00e9ducteur \u00bb d\u2019expliquer la venue du pape uniquement par ses racines augustiniennes et par le lien spirituel avec Saint Augustine of Hippo, l\u2019une des figures majeures du christianisme n\u00e9 dans l\u2019actuelle Alg\u00e9rie.<\/p>\n\n\n\n<p>\u00ab Le pape ne vient pas seulement sur la terre de saint Augustin. Il vient rencontrer tout le peuple alg\u00e9rien, dont l\u2019\u00e9crasante majorit\u00e9 est musulmane \u00bb, explique l\u2019archev\u00eaque d\u2019Alger.<\/p>\n\n\n\n<p>Ce d\u00e9placement s\u2019inscrit \u00e9galement dans la continuit\u00e9 de l\u2019h\u00e9ritage du d\u00e9funt Pope Francis, pour qui l\u2019ouverture aux autres religions et aux cultures constituait un pilier central du pontificat.<\/p>\n\n\n\n<p><strong>\u00ab Un peuple musulman qui accueille un fr\u00e8re chr\u00e9tien \u00bb<\/strong><\/p>\n\n\n\n<p>Le message central de la visite devrait \u00eatre celui de la paix. Jean-Paul Vesco rappelle que les premiers mots prononc\u00e9s par L\u00e9on XIV apr\u00e8s son \u00e9lection furent : <em>\u00ab Que la paix soit avec vous tous \u00bb.<\/em><\/p>\n\n\n\n<p>Ce message devrait constituer l\u2019axe majeur du s\u00e9jour en Alg\u00e9rie, pr\u00e9sent\u00e9 comme un geste d\u2019amiti\u00e9 et de dialogue entre les religions.<\/p>\n\n\n\n<p>\u00ab Ce sera une salutation de paix envers les p\u00e9riph\u00e9ries du monde, mais \u00e0 la mani\u00e8re alg\u00e9rienne : <em>Al-Salam Aleykoum<\/em>. En somme, un peuple musulman qui accueille un fr\u00e8re chr\u00e9tien \u00bb, r\u00e9sume l\u2019archev\u00eaque d\u2019Alger.<\/p>\n\n\n\n<p><strong>Un programme m\u00ealant diplomatie et spiritualit\u00e9<\/strong><\/p>\n\n\n\n<p>Le programme du souverain pontife pr\u00e9voit plusieurs rencontres officielles et religieuses.<\/p>\n\n\n\n<p>\u00c0 Alger, il doit d\u2019abord \u00eatre re\u00e7u par le pr\u00e9sident de la R\u00e9publique Abdelmadjid Tebboune ainsi que par les repr\u00e9sentants des institutions de l\u2019\u00c9tat. Cette \u00e9tape protocolaire sera suivie d\u2019une rencontre avec la communaut\u00e9 chr\u00e9tienne d\u2019Alg\u00e9rie.<\/p>\n\n\n\n<p>Le pape c\u00e9l\u00e9brera \u00e9galement une messe \u00e0 la basilique Basilique Notre?Dame d\u2019Afrique, haut lieu du catholicisme en Alg\u00e9rie surplombant la baie d\u2019Alger.<\/p>\n\n\n\n<p>Son programme pr\u00e9voit aussi un moment de recueillement \u00e0 la chapelle d\u00e9di\u00e9e aux dix-neuf bienheureux martyrs d\u2019Alg\u00e9rie, ces religieux catholiques assassin\u00e9s durant la d\u00e9cennie de violence des ann\u00e9es 1990.<\/p>\n\n\n\n<p>Le deuxi\u00e8me jour de sa visite, le souverain pontife se rendra \u00e0 Annaba, ville de l\u2019est du pays o\u00f9 saint Augustin fut \u00e9v\u00eaque et o\u00f9 il prononcera une autre messe.<\/p>\n\n\n\n<p>En revanche, aucune visite n\u2019est pr\u00e9vue au monast\u00e8re de Monast\u00e8re de Tibhirine, situ\u00e9 dans la wilaya de M\u00e9d\u00e9a, o\u00f9 sept moines trappistes furent assassin\u00e9s en 1996.<\/p>\n\n\n\n<p>Jean-Paul Vesco rappelle toutefois la dimension universelle du drame v\u00e9cu par l\u2019Alg\u00e9rie durant cette p\u00e9riode. \u00ab Le message de Tibhirine, c\u2019est que des chr\u00e9tiens ont \u00e9t\u00e9 tu\u00e9s avec les musulmans, avant d\u2019\u00eatre tu\u00e9s par des musulmans\u2026 Plus d\u2019une centaine d\u2019imams ont \u00e9galement \u00e9t\u00e9 assassin\u00e9s \u00e0 cette \u00e9poque \u00bb, souligne-t-il.<\/p>\n\n\n\n<p><strong>Un message de paix dans un contexte international tendu<\/strong><\/p>\n\n\n\n<p>La visite du pape intervient par ailleurs dans un contexte international marqu\u00e9 par de fortes tensions, notamment au Moyen-Orient apr\u00e8s l\u2019escalade militaire cons\u00e9cutive aux frappes am\u00e9ricano-isra\u00e9liennes contre l\u2019Iran.<\/p>\n\n\n\n<p>Dans ce climat incertain, Jean-Paul Vesco estime que la parole du chef de l\u2019\u00c9glise catholique pourrait trouver un \u00e9cho particulier.<\/p>\n\n\n\n<p>\u00ab Il est \u00e9vident que son message sera entendu. Aujourd\u2019hui, quelle autre figure de paix existe sur la sc\u00e8ne internationale ? \u00bb, interroge-t-il.<\/p>\n\n\n\n<p><strong>Premi\u00e8re \u00e9tape d\u2019une tourn\u00e9e africaine<\/strong><\/p>\n\n\n\n<p>L\u2019Alg\u00e9rie constituera la premi\u00e8re \u00e9tape d\u2019une tourn\u00e9e africaine de dix jours. Apr\u00e8s deux journ\u00e9es entre Alger et Annaba, le pape poursuivra son d\u00e9placement au Cameroon du 15 au 18 avril, avec des \u00e9tapes \u00e0 Yaound\u00e9, Bamenda et Douala.<\/p>\n\n\n\n<p>Il se rendra ensuite en Angola du 18 au 21 avril, avant de conclure sa tourn\u00e9e en Equatorial Guinea du 21 au 23 avril.<\/p>\n\n\n\n<p>Dans un pays o\u00f9 l\u2019islam est religion d\u2019\u00c9tat, la visite de L\u00e9on XIV est per\u00e7ue comme un geste fort de dialogue et de coexistence religieuse, illustrant l\u2019image d\u2019une Alg\u00e9rie ouverte au monde et fid\u00e8le \u00e0 sa tradition de tol\u00e9rance.<\/p>\n\n\n\n<p>S.B.<\/p>\n\n\n\n<p><\/p>\n","protected":false},"excerpt":{"rendered":"<p>Le pape Pope Leo XIV est attendu en Alg\u00e9rie du 13 au 15 avril prochain pour une visite qui s\u2019annonce \u00e0 la fois symbolique et diplomatique. Premier d\u00e9placement africain du souverain pontife depuis son \u00e9lection, cette \u00e9tape alg\u00e9rienne marquera le d\u00e9but d\u2019une tourn\u00e9e sur le continent, qui le conduira ensuite au Cameroun, en Angola et [&hellip;]<\/p>\n","protected":false},"author":3,"featured_media":4275,"comment_status":"open","ping_status":"open","sticky":false,"template":"","format":"standard","meta":{"footnotes":""},"categories":[2],"tags":[],"class_list":{"0":"post-4274","1":"post","2":"type-post","3":"status-publish","4":"format-standard","5":"has-post-thumbnail","7":"category-infos"},"_links":{"self":[{"href":"https:\/\/lequotidien-deconstantine.dz\/index.php?rest_route=\/wp\/v2\/posts\/4274","targetHints":{"allow":["GET"]}}],"collection":[{"href":"https:\/\/lequotidien-deconstantine.dz\/index.php?rest_route=\/wp\/v2\/posts"}],"about":[{"href":"https:\/\/lequotidien-deconstantine.dz\/index.php?rest_route=\/wp\/v2\/types\/post"}],"author":[{"embeddable":true,"href":"https:\/\/lequotidien-deconstantine.dz\/index.php?rest_route=\/wp\/v2\/users\/3"}],"replies":[{"embeddable":true,"href":"https:\/\/lequotidien-deconstantine.dz\/index.php?rest_route=%2Fwp%2Fv2%2Fcomments&post=4274"}],"version-history":[{"count":1,"href":"https:\/\/lequotidien-deconstantine.dz\/index.php?rest_route=\/wp\/v2\/posts\/4274\/revisions"}],"predecessor-version":[{"id":4276,"href":"https:\/\/lequotidien-deconstantine.dz\/index.php?rest_route=\/wp\/v2\/posts\/4274\/revisions\/4276"}],"wp:featuredmedia":[{"embeddable":true,"href":"https:\/\/lequotidien-deconstantine.dz\/index.php?rest_route=\/wp\/v2\/media\/4275"}],"wp:attachment":[{"href":"https:\/\/lequotidien-deconstantine.dz\/index.php?rest_route=%2Fwp%2Fv2%2Fmedia&parent=4274"}],"wp:term":[{"taxonomy":"category","embeddable":true,"href":"https:\/\/lequotidien-deconstantine.dz\/index.php?rest_route=%2Fwp%2Fv2%2Fcategories&post=4274"},{"taxonomy":"post_tag","embeddable":true,"href":"https:\/\/lequotidien-deconstantine.dz\/index.php?rest_route=%2Fwp%2Fv2%2Ftags&post=4274"}],"curies":[{"name":"wp","href":"https:\/\/api.w.org\/{rel}","templated":true}]}}