{"id":4282,"date":"2026-03-12T07:52:58","date_gmt":"2026-03-12T06:52:58","guid":{"rendered":"https:\/\/lequotidien-deconstantine.dz\/?p=4282"},"modified":"2026-03-12T07:53:00","modified_gmt":"2026-03-12T06:53:00","slug":"constantine-se-mobilise-pour-une-ville-plus-propre","status":"publish","type":"post","link":"https:\/\/lequotidien-deconstantine.dz\/?p=4282","title":{"rendered":"Constantine se mobilise pour une ville plus propre"},"content":{"rendered":"\n<p>Dans le cadre de sa politique continue visant \u00e0 renforcer la propret\u00e9 et l\u2019embellissement de l\u2019environnement urbain, la wilaya de Constantine a mis en place une dynamique de coordination in\u00e9dite. Le wali, Abdelkhalek Sayouda, a pr\u00e9sid\u00e9 r\u00e9cemment une r\u00e9union strat\u00e9gique consacr\u00e9e \u00e0 la situation de la propret\u00e9 dans la ville et \u00e0 la pr\u00e9paration de la participation de Constantine au concours national de la meilleure commune respectueuse de l\u2019environnement, organis\u00e9 sous le slogan <em>\u00ab La protection de l\u2019environnement est une responsabilit\u00e9 collective \u00bb<\/em>.<\/p>\n\n\n\n<p>L\u2019objectif affich\u00e9 est clair : positionner Constantine comme exemple national de propret\u00e9 urbaine, en mobilisant tous les acteurs locaux autour d\u2019un plan d\u2019action concret et coordonn\u00e9.<\/p>\n\n\n\n<p><strong>Une r\u00e9union de mobilisation g\u00e9n\u00e9rale<\/strong><\/p>\n\n\n\n<p>La rencontre a r\u00e9uni un large \u00e9ventail de responsables et de techniciens : le chef de da\u00efra, le pr\u00e9sident de l\u2019Assembl\u00e9e populaire communale (APC), le secr\u00e9taire g\u00e9n\u00e9ral de la commune, les directeurs des d\u00e9l\u00e9gations communales et des services municipaux, ainsi que les directeurs et chefs de secteurs techniques li\u00e9s \u00e0 l\u2019environnement, l\u2019urbanisme, les travaux publics, l\u2019hydraulique, les for\u00eats et la signalisation. Les participants ont \u00e9t\u00e9 invit\u00e9s \u00e0 \u00e9changer sur les initiatives et mesures \u00e0 mettre en \u0153uvre pour am\u00e9liorer la qualit\u00e9 de vie dans la ville et renforcer son attractivit\u00e9 dans le cadre du concours national.<\/p>\n\n\n\n<p><strong>Des actions concr\u00e8tes pour am\u00e9liorer la propret\u00e9 et le cadre urbain<\/strong><\/p>\n\n\n\n<p>Au cours de la r\u00e9union, le wali a appel\u00e9 \u00e0 la mobilisation de tous les services pour obtenir des r\u00e9sultats concrets sur le terrain. Plusieurs actions prioritaires ont \u00e9t\u00e9 d\u00e9finies?: le renforcement du nettoyage et de la collecte des d\u00e9chets avec un suivi r\u00e9gulier, l\u2019am\u00e9lioration de l\u2019\u00e9clairage public<strong> <\/strong>pour s\u00e9curiser et valoriser les quartiers, l\u2019intervention rapide sur les fuites d\u2019eau et probl\u00e8mes d\u2019assainissement, le renforcement de la signalisation et l\u2019installation de panneaux pour une meilleure orientation, la r\u00e9habilitation des fa\u00e7ades et l\u2019embellissement des rues, avenues et places publiques, ainsi que la pr\u00e9servation et l\u2019extension des espaces verts gr\u00e2ce \u00e0 des campagnes de reboisement et de plantations visant \u00e0 am\u00e9liorer la v\u00e9g\u00e9talisation et la qualit\u00e9 de l\u2019air.<\/p>\n\n\n\n<p>Le wali a \u00e9galement insist\u00e9 sur l\u2019importance de coordonner les efforts entre les d\u00e9l\u00e9gations communales et les services municipaux, afin que chaque action contribue directement \u00e0 la performance de la ville dans le cadre du concours national.<\/p>\n\n\n\n<p><strong>Lutte contre l\u2019\u00e9levage urbain et embellissement de l\u2019espace public<\/strong><\/p>\n\n\n\n<p>Parmi les mesures phares, le wali a ordonn\u00e9 l\u2019interdiction de l\u2019\u00e9levage de b\u00e9tail et de vaches \u00e0 l\u2019int\u00e9rieur du tissu urbain, afin de prot\u00e9ger la sant\u00e9 publique et de pr\u00e9server l\u2019aspect esth\u00e9tique de la ville.<\/p>\n\n\n\n<p>Il a \u00e9galement appel\u00e9 \u00e0 l\u2019organisation de campagnes de sensibilisation en collaboration avec la soci\u00e9t\u00e9 civile, impliquant associations, comit\u00e9s de quartier et citoyens, pour renforcer la culture de propret\u00e9 et de responsabilit\u00e9 environnementale.<\/p>\n\n\n\n<p><strong>Am\u00e9lioration de l\u2019organisation urbaine et signal\u00e9tique<\/strong><\/p>\n\n\n\n<p>Dans le cadre du concours, la signalisation urbaine et l\u2019organisation des quartiers ont \u00e9t\u00e9 mises au centre des pr\u00e9occupations. Les participants ont \u00e9t\u00e9 invit\u00e9s \u00e0 installer et am\u00e9liorer les panneaux de rue et d\u2019indication des quartiers, ainsi qu\u2019\u00e0 retirer les panneaux publicitaires ill\u00e9gaux, afin de rendre la ville plus lisible, attractive et conforme aux normes l\u00e9gales.<\/p>\n\n\n\n<p><strong>Pr\u00e9paration des parcs et espaces verts pour l\u2019A\u00efd<\/strong><\/p>\n\n\n\n<p>Le wali a \u00e9galement donn\u00e9 des instructions pr\u00e9cises pour la pr\u00e9paration et l\u2019entretien du parc Bardo, avant et apr\u00e8s l\u2019A\u00efd el-Fitr, ainsi que le lancement de campagnes de reboisement et de plantations pour renforcer les espaces verts et contribuer \u00e0 l\u2019embellissement g\u00e9n\u00e9ral de la ville.<\/p>\n\n\n\n<p><strong>\u00c9changes et propositions des participants<\/strong><\/p>\n\n\n\n<p>La r\u00e9union a offert l\u2019opportunit\u00e9 aux \u00e9lus et responsables administratifs de partager leurs id\u00e9es et pr\u00e9occupations, et de proposer des initiatives innovantes pour am\u00e9liorer la ville. Les \u00e9changes ont port\u00e9 sur la propret\u00e9, la s\u00e9curit\u00e9, l\u2019embellissement urbain et l\u2019optimisation des services municipaux, dans le but d\u2019atteindre un niveau de performance \u00e9lev\u00e9 pour la participation au concours national.<\/p>\n\n\n\n<p><strong>Une mobilisation collective pour un objectif commun<\/strong><\/p>\n\n\n\n<p>Le wali a conclu en rappelant que le succ\u00e8s de Constantine dans ce concours d\u00e9pend de l\u2019implication collective, de la coordination entre services et de la participation active des citoyens. Chaque action, du nettoyage des rues \u00e0 l\u2019am\u00e9lioration des espaces verts et des infrastructures urbaines, contribue \u00e0 renforcer l\u2019image de la ville comme mod\u00e8le national de propret\u00e9 et d\u2019urbanisme.<\/p>\n\n\n\n<p>L.R.<\/p>\n\n\n\n<p><\/p>\n","protected":false},"excerpt":{"rendered":"<p>Dans le cadre de sa politique continue visant \u00e0 renforcer la propret\u00e9 et l\u2019embellissement de l\u2019environnement urbain, la wilaya de Constantine a mis en place une dynamique de coordination in\u00e9dite. Le wali, Abdelkhalek Sayouda, a pr\u00e9sid\u00e9 r\u00e9cemment une r\u00e9union strat\u00e9gique consacr\u00e9e \u00e0 la situation de la propret\u00e9 dans la ville et \u00e0 la pr\u00e9paration de [&hellip;]<\/p>\n","protected":false},"author":3,"featured_media":4283,"comment_status":"open","ping_status":"open","sticky":false,"template":"","format":"standard","meta":{"footnotes":""},"categories":[4],"tags":[],"class_list":{"0":"post-4282","1":"post","2":"type-post","3":"status-publish","4":"format-standard","5":"has-post-thumbnail","7":"category-actuest"},"_links":{"self":[{"href":"https:\/\/lequotidien-deconstantine.dz\/index.php?rest_route=\/wp\/v2\/posts\/4282","targetHints":{"allow":["GET"]}}],"collection":[{"href":"https:\/\/lequotidien-deconstantine.dz\/index.php?rest_route=\/wp\/v2\/posts"}],"about":[{"href":"https:\/\/lequotidien-deconstantine.dz\/index.php?rest_route=\/wp\/v2\/types\/post"}],"author":[{"embeddable":true,"href":"https:\/\/lequotidien-deconstantine.dz\/index.php?rest_route=\/wp\/v2\/users\/3"}],"replies":[{"embeddable":true,"href":"https:\/\/lequotidien-deconstantine.dz\/index.php?rest_route=%2Fwp%2Fv2%2Fcomments&post=4282"}],"version-history":[{"count":1,"href":"https:\/\/lequotidien-deconstantine.dz\/index.php?rest_route=\/wp\/v2\/posts\/4282\/revisions"}],"predecessor-version":[{"id":4284,"href":"https:\/\/lequotidien-deconstantine.dz\/index.php?rest_route=\/wp\/v2\/posts\/4282\/revisions\/4284"}],"wp:featuredmedia":[{"embeddable":true,"href":"https:\/\/lequotidien-deconstantine.dz\/index.php?rest_route=\/wp\/v2\/media\/4283"}],"wp:attachment":[{"href":"https:\/\/lequotidien-deconstantine.dz\/index.php?rest_route=%2Fwp%2Fv2%2Fmedia&parent=4282"}],"wp:term":[{"taxonomy":"category","embeddable":true,"href":"https:\/\/lequotidien-deconstantine.dz\/index.php?rest_route=%2Fwp%2Fv2%2Fcategories&post=4282"},{"taxonomy":"post_tag","embeddable":true,"href":"https:\/\/lequotidien-deconstantine.dz\/index.php?rest_route=%2Fwp%2Fv2%2Ftags&post=4282"}],"curies":[{"name":"wp","href":"https:\/\/api.w.org\/{rel}","templated":true}]}}