{"id":4291,"date":"2026-03-14T22:08:59","date_gmt":"2026-03-14T21:08:59","guid":{"rendered":"https:\/\/lequotidien-deconstantine.dz\/?p=4291"},"modified":"2026-03-14T22:09:01","modified_gmt":"2026-03-14T21:09:01","slug":"la-labellisation-levier-de-confiance-pour-lecosysteme-entrepreneurial","status":"publish","type":"post","link":"https:\/\/lequotidien-deconstantine.dz\/?p=4291","title":{"rendered":"La labellisation, levier de confiance pour l\u2019\u00e9cosyst\u00e8me entrepreneurial"},"content":{"rendered":"\n<p>Le minist\u00e8re de l\u2019\u00c9conomie de la connaissance, des Start-up et des Micro-entreprises a officialis\u00e9 samedi la mise en place de la nouvelle composition du Comit\u00e9 national de labellisation, charg\u00e9 de l\u2019attribution des labels \u00ab?projet innovant?\u00bb, \u00ab?start-up?\u00bb, \u00ab?incubateur?\u00bb et \u00ab?acc\u00e9l\u00e9rateur?\u00bb. La c\u00e9r\u00e9monie d\u2019installation, pr\u00e9sid\u00e9e par Noureddine Ouadah, ministre en charge du portefeuille, marque une \u00e9tape importante dans le renforcement de l\u2019\u00e9cosyst\u00e8me entrepreneurial et innovant en Alg\u00e9rie, indique un communiqu\u00e9 officiel du minist\u00e8re.<\/p>\n\n\n\n<p>Le Comit\u00e9 national de labellisation joue un r\u00f4le central dans l\u2019architecture de l\u2019innovation du pays. Il constitue \u00ab?le c\u0153ur battant de l\u2019\u00e9cosyst\u00e8me des start-up en Alg\u00e9rie?\u00bb, selon la m\u00eame source, en examinant toutes les demandes de labellisation, en \u00e9valuant les besoins li\u00e9s au lancement et au d\u00e9veloppement des initiatives, ainsi qu\u2019en supervisant les programmes d\u2019accompagnement et d\u2019importation des meilleures pratiques.<\/p>\n\n\n\n<p>Lors de cette c\u00e9r\u00e9monie, Chamseddine Bamoussat, repr\u00e9sentant du ministre charg\u00e9 des start-up, a \u00e9t\u00e9 d\u00e9sign\u00e9 nouveau pr\u00e9sident du Comit\u00e9. Plusieurs nouveaux membres, issus de divers secteurs minist\u00e9riels et experts nationaux, viennent compl\u00e9ter cette \u00e9quipe, dans le cadre d\u2019un renouvellement visant \u00e0 accro\u00eetre l\u2019efficacit\u00e9 et la transparence du processus.<\/p>\n\n\n\n<p><strong>Ciblage pr\u00e9cis des initiatives prometteuses<\/strong><\/p>\n\n\n\n<p>La labellisation joue un r\u00f4le strat\u00e9gique au-del\u00e0 de la simple reconnaissance institutionnelle. Elle constitue un instrument de s\u00e9curisation et de valorisation des innovations, en garantissant que les projets labellis\u00e9s r\u00e9pondent \u00e0 des standards pr\u00e9cis de qualit\u00e9, de viabilit\u00e9 et de potentiel \u00e9conomique. Elle permet notamment le ciblage pr\u00e9cis des initiatives prometteuses, l\u2019\u00e9valuation rigoureuse de leur faisabilit\u00e9 et le tra\u00e7age de couloirs s\u00fbrs vers la notori\u00e9t\u00e9 et le march\u00e9, assurant ainsi aux entrepreneurs et aux investisseurs un rep\u00e8re fiable dans un environnement complexe et comp\u00e9titif.<\/p>\n\n\n\n<p>Selon des experts, un label officiel peut multiplier par deux la visibilit\u00e9 d\u2019une start-up aupr\u00e8s des investisseurs et faciliter l\u2019acc\u00e8s \u00e0 des programmes d\u2019accompagnement et de financement, tout en consolidant la confiance des partenaires et clients potentiels. Dans ce cadre, le Comit\u00e9 agit comme un filtre et un guide, permettant aux projets les plus innovants et aux initiatives \u00e0 forte valeur ajout\u00e9e de se d\u00e9marquer et d\u2019atteindre plus rapidement le march\u00e9.<\/p>\n\n\n\n<p>Le renouvellement du Comit\u00e9 s\u2019inscrit ainsi dans une d\u00e9marche de gouvernance renforc\u00e9e, o\u00f9 la transparence, l\u2019objectivit\u00e9 et la rigueur sont au centre du processus de labellisation. L\u2019objectif est de soutenir durablement l\u2019\u00e9cosyst\u00e8me de l\u2019innovation, d\u2019encourager l\u2019entrepreneuriat \u00e0 haut potentiel et de stimuler le d\u00e9veloppement \u00e9conomique national, tout en consolidant la comp\u00e9titivit\u00e9 de l\u2019Alg\u00e9rie sur la sc\u00e8ne r\u00e9gionale et internationale.<\/p>\n\n\n\n<p>En somme, cette nouvelle \u00e9quipe du Comit\u00e9 national de labellisation appara\u00eet comme un levier cl\u00e9 pour structurer l\u2019\u00e9cosyst\u00e8me des start-up et pour cr\u00e9er un environnement propice \u00e0 l\u2019\u00e9mergence de projets innovants s\u00fbrs, tra\u00e7ables et reconnus, contribuant \u00e0 transformer les id\u00e9es en valeur \u00e9conomique concr\u00e8te.<\/p>\n\n\n\n<p>L.R.<\/p>\n\n\n\n<p><\/p>\n","protected":false},"excerpt":{"rendered":"<p>Le minist\u00e8re de l\u2019\u00c9conomie de la connaissance, des Start-up et des Micro-entreprises a officialis\u00e9 samedi la mise en place de la nouvelle composition du Comit\u00e9 national de labellisation, charg\u00e9 de l\u2019attribution des labels \u00ab?projet innovant?\u00bb, \u00ab?start-up?\u00bb, \u00ab?incubateur?\u00bb et \u00ab?acc\u00e9l\u00e9rateur?\u00bb. La c\u00e9r\u00e9monie d\u2019installation, pr\u00e9sid\u00e9e par Noureddine Ouadah, ministre en charge du portefeuille, marque une \u00e9tape importante [&hellip;]<\/p>\n","protected":false},"author":3,"featured_media":4292,"comment_status":"open","ping_status":"open","sticky":false,"template":"","format":"standard","meta":{"footnotes":""},"categories":[8],"tags":[],"class_list":{"0":"post-4291","1":"post","2":"type-post","3":"status-publish","4":"format-standard","5":"has-post-thumbnail","7":"category-economie"},"_links":{"self":[{"href":"https:\/\/lequotidien-deconstantine.dz\/index.php?rest_route=\/wp\/v2\/posts\/4291","targetHints":{"allow":["GET"]}}],"collection":[{"href":"https:\/\/lequotidien-deconstantine.dz\/index.php?rest_route=\/wp\/v2\/posts"}],"about":[{"href":"https:\/\/lequotidien-deconstantine.dz\/index.php?rest_route=\/wp\/v2\/types\/post"}],"author":[{"embeddable":true,"href":"https:\/\/lequotidien-deconstantine.dz\/index.php?rest_route=\/wp\/v2\/users\/3"}],"replies":[{"embeddable":true,"href":"https:\/\/lequotidien-deconstantine.dz\/index.php?rest_route=%2Fwp%2Fv2%2Fcomments&post=4291"}],"version-history":[{"count":1,"href":"https:\/\/lequotidien-deconstantine.dz\/index.php?rest_route=\/wp\/v2\/posts\/4291\/revisions"}],"predecessor-version":[{"id":4293,"href":"https:\/\/lequotidien-deconstantine.dz\/index.php?rest_route=\/wp\/v2\/posts\/4291\/revisions\/4293"}],"wp:featuredmedia":[{"embeddable":true,"href":"https:\/\/lequotidien-deconstantine.dz\/index.php?rest_route=\/wp\/v2\/media\/4292"}],"wp:attachment":[{"href":"https:\/\/lequotidien-deconstantine.dz\/index.php?rest_route=%2Fwp%2Fv2%2Fmedia&parent=4291"}],"wp:term":[{"taxonomy":"category","embeddable":true,"href":"https:\/\/lequotidien-deconstantine.dz\/index.php?rest_route=%2Fwp%2Fv2%2Fcategories&post=4291"},{"taxonomy":"post_tag","embeddable":true,"href":"https:\/\/lequotidien-deconstantine.dz\/index.php?rest_route=%2Fwp%2Fv2%2Ftags&post=4291"}],"curies":[{"name":"wp","href":"https:\/\/api.w.org\/{rel}","templated":true}]}}