{"id":438,"date":"2021-12-05T22:22:36","date_gmt":"2021-12-05T21:22:36","guid":{"rendered":"http:\/\/lequotidien-deconstantine.dz\/?p=438"},"modified":"2021-12-05T22:22:37","modified_gmt":"2021-12-05T21:22:37","slug":"importations-de-vehicules-neufs-bientot-la-liste-des-concessionnaires","status":"publish","type":"post","link":"https:\/\/lequotidien-deconstantine.dz\/?p=438","title":{"rendered":"Importations de v\u00e9hicules neufs : Bient\u00f4t la liste des concessionnaires"},"content":{"rendered":"\n<p>Le pr\u00e9sident Abdelmadjid Tebboune a pr\u00e9sid\u00e9 hier une r\u00e9union du Conseil des ministres durant laquelle il a \u00ab&nbsp;ordonn\u00e9 une r\u00e9vision imm\u00e9diate&nbsp;\u00bb du cahier des charges relatif \u00e0 l\u2019importation des v\u00e9hicules neufs, selon un communiqu\u00e9 de la pr\u00e9sidence de la R\u00e9publique.<\/p>\n\n\n\n<p>Le pr\u00e9sident&nbsp; de la R\u00e9publique a \u00ab ordonn\u00e9 une r\u00e9vision imm\u00e9diate \u00bb du cahier des charges relatif \u00e0 l\u2019importation de voitures, et a \u00ab acc\u00e9l\u00e9r\u00e9 \u00bb la publication de de la liste des concessionnaires agr\u00e9\u00e9s. Il a \u00ab insist\u00e9 \u00bb sur&nbsp;\u00ab l\u2019obligation d\u2019assurer un r\u00e9seau de service apr\u00e8s-vente, comme condition d\u2019acceptation de leurs dossiers&nbsp;\u00bb, a indiqu\u00e9 le communiqu\u00e9 de la Pr\u00e9sidence.<\/p>\n\n\n\n<p>M. Tebboune a rappel\u00e9 que la loi n\u2019interdit pas l\u2019importation des voitures par les particuliers, selon la m\u00eame source.<\/p>\n\n\n\n<p>L\u2019Alg\u00e9rie a autoris\u00e9 \u00e0 nouveau l\u2019importation des v\u00e9hicules neufs en 2020, mais aucun concessionnaire n\u2019a \u00e9t\u00e9 agr\u00e9\u00e9 pour exercer cette activit\u00e9. Le gouvernement a modifi\u00e9 le cahier des charges qui r\u00e9git cette activit\u00e9 au moins deux fois depuis 2020.<\/p>\n\n\n\n<p><strong>Am\u00e9lioration du d\u00e9bit internet<\/strong><\/p>\n\n\n\n<p>D\u2019autre part, le pr\u00e9sident de la R\u00e9publique, a soulign\u00e9 la n\u00e9cessit\u00e9 de cr\u00e9er de nouveaux c\u00e2bles sous-marins internationaux pour la connexion \u00e0 Internet avec des pays europ\u00e9ens, indique un communiqu\u00e9 du Conseil des ministres. Concernant l&rsquo;\u00e9tat de la connexion internet, le pr\u00e9sident de la R\u00e9publique a valoris\u00e9 \u00ab\u00a0l&rsquo;am\u00e9lioration du d\u00e9bit internet r\u00e9alis\u00e9e depuis 2020\u00a0\u00bb, soulignant l&rsquo;importance de \u00ab\u00a0cr\u00e9er de nouveaux c\u00e2bles sous-marins internationaux pour la connexion \u00e0 Internet avec des pays europ\u00e9ens\u00a0\u00bb et de \u00ab\u00a0remplacer les c\u00e2bles en cuivre par la fibre optique dans les plus brefs d\u00e9lais\u00a0\u00bb, ajoute le communiqu\u00e9. Le Pr\u00e9sident Tebboune a affirm\u00e9 \u00ab\u00a0la n\u00e9cessit\u00e9 d&rsquo;am\u00e9liorer et de renforcer le d\u00e9bit internet, notamment au niveau des \u00e9tablissements financiers pour encourager le paiement \u00e9lectronique dans divers domaines\u00a0\u00bb. <\/p>\n\n\n\n<p class=\"has-text-align-right\">B.R.<\/p>\n","protected":false},"excerpt":{"rendered":"<p>Le pr\u00e9sident Abdelmadjid Tebboune a pr\u00e9sid\u00e9 hier une r\u00e9union du Conseil des ministres durant laquelle il a \u00ab&nbsp;ordonn\u00e9 une r\u00e9vision imm\u00e9diate&nbsp;\u00bb du cahier des charges relatif \u00e0 l\u2019importation des v\u00e9hicules neufs, selon un communiqu\u00e9 de la pr\u00e9sidence de la R\u00e9publique. Le pr\u00e9sident&nbsp; de la R\u00e9publique a \u00ab ordonn\u00e9 une r\u00e9vision imm\u00e9diate \u00bb du cahier des [&hellip;]<\/p>\n","protected":false},"author":3,"featured_media":439,"comment_status":"open","ping_status":"open","sticky":false,"template":"","format":"standard","meta":{"footnotes":""},"categories":[10],"tags":[],"class_list":{"0":"post-438","1":"post","2":"type-post","3":"status-publish","4":"format-standard","5":"has-post-thumbnail","7":"category-magazine"},"_links":{"self":[{"href":"https:\/\/lequotidien-deconstantine.dz\/index.php?rest_route=\/wp\/v2\/posts\/438","targetHints":{"allow":["GET"]}}],"collection":[{"href":"https:\/\/lequotidien-deconstantine.dz\/index.php?rest_route=\/wp\/v2\/posts"}],"about":[{"href":"https:\/\/lequotidien-deconstantine.dz\/index.php?rest_route=\/wp\/v2\/types\/post"}],"author":[{"embeddable":true,"href":"https:\/\/lequotidien-deconstantine.dz\/index.php?rest_route=\/wp\/v2\/users\/3"}],"replies":[{"embeddable":true,"href":"https:\/\/lequotidien-deconstantine.dz\/index.php?rest_route=%2Fwp%2Fv2%2Fcomments&post=438"}],"version-history":[{"count":1,"href":"https:\/\/lequotidien-deconstantine.dz\/index.php?rest_route=\/wp\/v2\/posts\/438\/revisions"}],"predecessor-version":[{"id":440,"href":"https:\/\/lequotidien-deconstantine.dz\/index.php?rest_route=\/wp\/v2\/posts\/438\/revisions\/440"}],"wp:featuredmedia":[{"embeddable":true,"href":"https:\/\/lequotidien-deconstantine.dz\/index.php?rest_route=\/wp\/v2\/media\/439"}],"wp:attachment":[{"href":"https:\/\/lequotidien-deconstantine.dz\/index.php?rest_route=%2Fwp%2Fv2%2Fmedia&parent=438"}],"wp:term":[{"taxonomy":"category","embeddable":true,"href":"https:\/\/lequotidien-deconstantine.dz\/index.php?rest_route=%2Fwp%2Fv2%2Fcategories&post=438"},{"taxonomy":"post_tag","embeddable":true,"href":"https:\/\/lequotidien-deconstantine.dz\/index.php?rest_route=%2Fwp%2Fv2%2Ftags&post=438"}],"curies":[{"name":"wp","href":"https:\/\/api.w.org\/{rel}","templated":true}]}}