{"id":4529,"date":"2026-04-26T07:45:50","date_gmt":"2026-04-26T06:45:50","guid":{"rendered":"https:\/\/lequotidien-deconstantine.dz\/?p=4529"},"modified":"2026-04-26T07:45:53","modified_gmt":"2026-04-26T06:45:53","slug":"securite-alimentaire-le-plan-marshall-laitier-entre-en-phase-dexecution","status":"publish","type":"post","link":"https:\/\/lequotidien-deconstantine.dz\/?p=4529","title":{"rendered":"\u00a0S\u00e9curit\u00e9 alimentaire\u00a0: Le \u00ab Plan Marshall \u00bb laitier entre en phase d\u2019ex\u00e9cution"},"content":{"rendered":"\n<p><strong>Dans un contexte mondial marqu\u00e9 par les tensions sur les cha\u00eenes d\u2019approvisionnement et la volatilit\u00e9 des march\u00e9s agricoles, l\u2019Alg\u00e9rie engage une r\u00e9ponse d\u2019envergure : industrialiser massivement sa production laiti\u00e8re pour rompre avec une d\u00e9pendance structurelle aux importations. Avec le m\u00e9gaprojet \u00ab Baladna \u00bb \u00e0 Adrar, v\u00e9ritable \u00ab Plan Marshall \u00bb laitier, le pays transforme son d\u00e9sert en levier strat\u00e9gique, conjuguant capitaux internationaux, technologie de pointe et ambition souveraine.<\/strong><strong><\/strong><\/p>\n\n\n\n<p>L\u2019Alg\u00e9rie acc\u00e9l\u00e8re sa marche vers la souverainet\u00e9 alimentaire. Avec le d\u00e9ploiement effectif de la deuxi\u00e8me phase du m\u00e9gaprojet agro-industriel \u00ab Baladna \u00bb, le pays engage une transformation structurelle de sa fili\u00e8re laiti\u00e8re. Bien au-del\u00e0 d\u2019une simple r\u00e9forme agricole, il s\u2019agit d\u2019un basculement vers une industrialisation massive de la production, au c\u0153ur m\u00eame du Sahara, afin de r\u00e9duire durablement la d\u00e9pendance aux importations de lait en poudre.<\/p>\n\n\n\n<p>Port\u00e9 par un partenariat strat\u00e9gique entre l\u2019\u00c9tat alg\u00e9rien et le groupe qatari Baladna, ce projet d\u2019envergure continentale, implant\u00e9 dans la wilaya d\u2019Adrar, entre d\u00e9sormais dans une phase d\u00e9cisive. Apr\u00e8s un premier jalon lanc\u00e9 en juillet 2025, marqu\u00e9 par un investissement initial d\u00e9passant les 500 millions de dollars, un second lot de contrats, d\u2019un montant sup\u00e9rieur \u00e0 635 millions de dollars, a \u00e9t\u00e9 sign\u00e9 \u00e0 Alger. Cette \u00e9tape acte le passage du projet de la conception \u00e0 l\u2019ex\u00e9cution op\u00e9rationnelle.<\/p>\n\n\n\n<p><strong>Une mont\u00e9e en puissance industrielle assum\u00e9e<\/strong><\/p>\n\n\n\n<p>La c\u00e9r\u00e9monie de signature, organis\u00e9e au Centre international des conf\u00e9rences Abdellatif-Rahal, sous la pr\u00e9sidence du ministre de l\u2019Agriculture, du D\u00e9veloppement rural et de la P\u00eache, Yacine El-Mahdi Oualid, a consacr\u00e9 l\u2019entr\u00e9e du projet dans une s\u00e9quence structurante. Les accords conclus couvrent des segments cl\u00e9s : travaux de g\u00e9nie civil, r\u00e9alisation d\u2019une centrale \u00e0 b\u00e9ton, construction d\u2019infrastructures d\u2019h\u00e9bergement et, surtout, constitution du cheptel bovin.<\/p>\n\n\n\n<p>Pour les responsables du projet, cette phase constitue un tournant strat\u00e9gique. Le pr\u00e9sident du Conseil d\u2019administration de Baladna Alg\u00e9rie, Ali Al-Ali, \u00e9voque une \u00ab \u00e9tape charni\u00e8re \u00bb, marquant le d\u00e9ploiement concret des capacit\u00e9s de production. Une analyse partag\u00e9e par les autorit\u00e9s alg\u00e9riennes, pour qui cette avanc\u00e9e traduit un engagement r\u00e9el des partenaires et une dynamique d\u2019ex\u00e9cution d\u00e9sormais irr\u00e9versible.<\/p>\n\n\n\n<p><strong>Un pont a\u00e9rien in\u00e9dit pour b\u00e2tir un cheptel d\u2019exception<\/strong><\/p>\n\n\n\n<p>Au c\u0153ur de cette deuxi\u00e8me phase se trouve une op\u00e9ration logistique hors norme : l\u2019importation de 30 000 vaches laiti\u00e8res en provenance de neuf \u00c9tats am\u00e9ricains. Pr\u00e9vue \u00e0 partir de novembre 2026, cette op\u00e9ration mobilisera 109 vols, avec une moyenne de 300 bovins transport\u00e9s par rotation.<\/p>\n\n\n\n<p>Le choix du transport a\u00e9rien, plut\u00f4t que maritime, r\u00e9pond \u00e0 des exigences strictes de bios\u00e9curit\u00e9 et de performance. Il permet de r\u00e9duire consid\u00e9rablement les d\u00e9lais de transit tout en pr\u00e9servant la qualit\u00e9 g\u00e9n\u00e9tique du cheptel. Les responsables parlent d\u2019un v\u00e9ritable \u00ab pont a\u00e9rien \u00bb entre les \u00c9tats-Unis et l\u2019Alg\u00e9rie, \u00e9tal\u00e9 sur une p\u00e9riode de dix mois.<\/p>\n\n\n\n<p>Cette coop\u00e9ration se mat\u00e9rialise \u00e9galement sur le terrain. Des visites ont \u00e9t\u00e9 effectu\u00e9es sur le site d\u2019Adrar par des repr\u00e9sentants am\u00e9ricains, dont le charg\u00e9 d\u2019affaires Mark Shapiro, accompagn\u00e9s de partenaires industriels tels que Valmont. Ces missions ont permis de constater l\u2019implication directe des \u00c9tats-Unis dans ce qui est pr\u00e9sent\u00e9 comme l\u2019un des plus vastes projets agricoles du continent africain.<\/p>\n\n\n\n<p><strong>Un projet structurant \u00e0 l\u2019\u00e9chelle nationale<\/strong><\/p>\n\n\n\n<p>S\u2019\u00e9tendant sur une superficie de 117 000 hectares, le projet Baladna figure d\u00e9j\u00e0 parmi les plus grandes exploitations agricoles int\u00e9gr\u00e9es au monde. \u00c0 terme, il ambitionne d\u2019accueillir jusqu\u2019\u00e0 270 000 t\u00eates bovines et de produire 1,7 milliard de litres de lait par an, dont pr\u00e8s de 194 000 tonnes de lait en poudre.<\/p>\n\n\n\n<p>L\u2019objectif strat\u00e9gique est clair : couvrir jusqu\u2019\u00e0 50 % des besoins nationaux en lait en poudre, r\u00e9duire significativement la facture des importations et renforcer la s\u00e9curit\u00e9 alimentaire. En parall\u00e8le, le projet devrait contribuer \u00e0 augmenter l\u2019offre en viande rouge sur le march\u00e9 local.<\/p>\n\n\n\n<p>Au-del\u00e0 des performances attendues, les autorit\u00e9s mettent en avant un mod\u00e8le de transformation territoriale in\u00e9dit. Le projet vise \u00e0 convertir des terres d\u00e9sertiques en p\u00f4les agro-industriels int\u00e9gr\u00e9s, g\u00e9n\u00e9rateurs de valeur et d\u2019emplois dans les r\u00e9gions du Sud, longtemps marginalis\u00e9es dans les dynamiques \u00e9conomiques nationales.<\/p>\n\n\n\n<p><strong>Une int\u00e9gration croissante du tissu industriel local<\/strong><\/p>\n\n\n\n<p>L\u2019un des aspects marquants de cette phase r\u00e9side dans la mobilisation accrue des entreprises nationales. Sept soci\u00e9t\u00e9s alg\u00e9riennes participent d\u00e9j\u00e0 au chantier, dont la Soci\u00e9t\u00e9 nationale de g\u00e9nie civil et b\u00e2timent (GCB), filiale du groupe Sonatrach. Cette derni\u00e8re est notamment charg\u00e9e de l\u2019am\u00e9nagement des infrastructures destin\u00e9es \u00e0 accueillir plus de 33 000 vaches dans un premier temps.<\/p>\n\n\n\n<p>Pour le Fonds national d\u2019investissement (FNI), partenaire cl\u00e9 du projet, cette orientation permet de limiter les sorties de devises tout en stimulant le tissu productif local. Elle ouvre \u00e9galement des perspectives importantes pour les PME et les start-up, appel\u00e9es \u00e0 s\u2019int\u00e9grer progressivement dans la cha\u00eene de valeur du projet.<\/p>\n\n\n\n<p><strong>Un levier strat\u00e9gique pour la souverainet\u00e9 alimentaire<\/strong><\/p>\n\n\n\n<p>Lanc\u00e9 officiellement en avril 2024 \u00e0 la faveur d\u2019un accord entre Alger et Doha, ce projet estim\u00e9 \u00e0 plus de 3,5 milliards de dollars s\u2019inscrit dans une vision strat\u00e9gique partag\u00e9e. Structur\u00e9 autour de trois p\u00f4les int\u00e9gr\u00e9s \u2013 production fourrag\u00e8re, \u00e9levage bovin et transformation industrielle \u2013 il repose sur l\u2019utilisation de technologies agricoles avanc\u00e9es.<\/p>\n\n\n\n<p>\u00c0 terme, il devrait g\u00e9n\u00e9rer des milliers d\u2019emplois directs et indirects, tout en contribuant \u00e0 la diversification de l\u2019\u00e9conomie nationale. Pour les autorit\u00e9s qataries, ce partenariat incarne une convergence de vues autour des enjeux de s\u00e9curit\u00e9 alimentaire et d\u2019investissement durable.<\/p>\n\n\n\n<p><strong>Une ambition politique assum\u00e9e<\/strong><\/p>\n\n\n\n<p>Au-del\u00e0 de sa dimension \u00e9conomique, le projet Baladna s\u2019apparente \u00e0 un v\u00e9ritable manifeste politique. En misant sur la valorisation du Grand Sud, l\u2019Alg\u00e9rie red\u00e9finit les contours de sa croissance et affirme sa volont\u00e9 de b\u00e2tir une ind\u00e9pendance alimentaire durable.<\/p>\n\n\n\n<p>Ce projet illustre la convergence de trois leviers majeurs : des capitaux qataris, une expertise technologique internationale, notamment am\u00e9ricaine, et une volont\u00e9 politique nationale affirm\u00e9e. Il dessine les bases d\u2019un nouveau mod\u00e8le de d\u00e9veloppement, o\u00f9 le d\u00e9sert devient un espace de production strat\u00e9gique.<\/p>\n\n\n\n<p><strong>Le d\u00e9fi de la durabilit\u00e9<\/strong><\/p>\n\n\n\n<p>Si les ambitions sont \u00e0 la hauteur des investissements engag\u00e9s, l\u2019enjeu r\u00e9side d\u00e9sormais dans la p\u00e9rennit\u00e9 du projet. La r\u00e9ussite de Baladna d\u00e9pendra de sa capacit\u00e9 \u00e0 transformer cet effort financier et technologique en r\u00e9sultats durables, capables de s\u00e9curiser l\u2019approvisionnement alimentaire du pays sur le long terme.<\/p>\n\n\n\n<p>Avec l\u2019entr\u00e9e en vigueur de cette deuxi\u00e8me phase, l\u2019Alg\u00e9rie franchit un cap d\u00e9cisif. Le d\u00e9fi n\u2019est plus seulement de produire, mais de consolider un mod\u00e8le r\u00e9silient, apte \u00e0 r\u00e9pondre aux exigences \u00e9conomiques, environnementales et sociales des d\u00e9cennies \u00e0 venir.<\/p>\n\n\n\n<p>Reste d\u00e9sormais l\u2019\u00e9preuve du temps. Car au-del\u00e0 des chiffres et des infrastructures, c\u2019est la capacit\u00e9 \u00e0 inscrire ce projet dans la dur\u00e9e qui d\u00e9terminera son v\u00e9ritable succ\u00e8s. Si le pari est tenu, le Sahara ne sera plus seulement une \u00e9tendue \u00e0 conqu\u00e9rir, mais le socle d\u2019une ind\u00e9pendance alimentaire durable, o\u00f9 produire localement ne sera plus une ambition, mais une \u00e9vidence.<\/p>\n\n\n\n<p>L.R.<\/p>\n\n\n\n<p><\/p>\n","protected":false},"excerpt":{"rendered":"<p>Dans un contexte mondial marqu\u00e9 par les tensions sur les cha\u00eenes d\u2019approvisionnement et la volatilit\u00e9 des march\u00e9s agricoles, l\u2019Alg\u00e9rie engage une r\u00e9ponse d\u2019envergure : industrialiser massivement sa production laiti\u00e8re pour rompre avec une d\u00e9pendance structurelle aux importations. Avec le m\u00e9gaprojet \u00ab Baladna \u00bb \u00e0 Adrar, v\u00e9ritable \u00ab Plan Marshall \u00bb laitier, le pays transforme son [&hellip;]<\/p>\n","protected":false},"author":3,"featured_media":2629,"comment_status":"open","ping_status":"open","sticky":false,"template":"","format":"standard","meta":{"footnotes":""},"categories":[8],"tags":[],"class_list":{"0":"post-4529","1":"post","2":"type-post","3":"status-publish","4":"format-standard","5":"has-post-thumbnail","7":"category-economie"},"_links":{"self":[{"href":"https:\/\/lequotidien-deconstantine.dz\/index.php?rest_route=\/wp\/v2\/posts\/4529","targetHints":{"allow":["GET"]}}],"collection":[{"href":"https:\/\/lequotidien-deconstantine.dz\/index.php?rest_route=\/wp\/v2\/posts"}],"about":[{"href":"https:\/\/lequotidien-deconstantine.dz\/index.php?rest_route=\/wp\/v2\/types\/post"}],"author":[{"embeddable":true,"href":"https:\/\/lequotidien-deconstantine.dz\/index.php?rest_route=\/wp\/v2\/users\/3"}],"replies":[{"embeddable":true,"href":"https:\/\/lequotidien-deconstantine.dz\/index.php?rest_route=%2Fwp%2Fv2%2Fcomments&post=4529"}],"version-history":[{"count":1,"href":"https:\/\/lequotidien-deconstantine.dz\/index.php?rest_route=\/wp\/v2\/posts\/4529\/revisions"}],"predecessor-version":[{"id":4530,"href":"https:\/\/lequotidien-deconstantine.dz\/index.php?rest_route=\/wp\/v2\/posts\/4529\/revisions\/4530"}],"wp:featuredmedia":[{"embeddable":true,"href":"https:\/\/lequotidien-deconstantine.dz\/index.php?rest_route=\/wp\/v2\/media\/2629"}],"wp:attachment":[{"href":"https:\/\/lequotidien-deconstantine.dz\/index.php?rest_route=%2Fwp%2Fv2%2Fmedia&parent=4529"}],"wp:term":[{"taxonomy":"category","embeddable":true,"href":"https:\/\/lequotidien-deconstantine.dz\/index.php?rest_route=%2Fwp%2Fv2%2Fcategories&post=4529"},{"taxonomy":"post_tag","embeddable":true,"href":"https:\/\/lequotidien-deconstantine.dz\/index.php?rest_route=%2Fwp%2Fv2%2Ftags&post=4529"}],"curies":[{"name":"wp","href":"https:\/\/api.w.org\/{rel}","templated":true}]}}