{"id":4531,"date":"2026-04-27T11:03:05","date_gmt":"2026-04-27T10:03:05","guid":{"rendered":"https:\/\/lequotidien-deconstantine.dz\/?p=4531"},"modified":"2026-04-27T11:03:07","modified_gmt":"2026-04-27T10:03:07","slug":"constantine-capitale-de-lastronomie-populaire-en-afrique","status":"publish","type":"post","link":"https:\/\/lequotidien-deconstantine.dz\/?p=4531","title":{"rendered":"Constantine, capitale de l\u2019astronomie populaire en Afrique"},"content":{"rendered":"\n<p>Depuis 2001, la ville de Constantine s\u2019affirme comme un p\u00f4le scientifique de r\u00e9f\u00e9rence en mati\u00e8re de vulgarisation astronomique sur le continent africain. \u00c0 travers l\u2019organisation annuelle des Festivals nationaux d\u2019astronomie populaire, la cit\u00e9 du Vieux Rocher contribue \u00e0 la d\u00e9mocratisation des sciences de l\u2019Univers, en rapprochant la recherche astronomique du grand public et de la communaut\u00e9 scientifique.<\/p>\n\n\n\n<p><strong>Une 21e \u00e9dition plac\u00e9e sous le signe des n\u00e9buleuses<\/strong><\/p>\n\n\n\n<p>L\u2019\u00e9dition 2026 du festival, qui marque son 21e anniversaire, se tiendra du 30 avril au 2 mai 2026 au Technopole du Plateau de Constantine, au niveau du b\u00e2timent du CERIST et de l\u2019Universit\u00e9 Constantine 3. Cette \u00e9dition est organis\u00e9e autour d\u2019un th\u00e8me scientifique central : <strong>\u00ab <\/strong>The Nebulae: the Cosmic Stellar Nurseries<strong> \u00bb<\/strong>, consacr\u00e9 aux n\u00e9buleuses, consid\u00e9r\u00e9es comme des r\u00e9gions fondamentales de formation des \u00e9toiles.<\/p>\n\n\n\n<p>Ce th\u00e8me permet d\u2019aborder des questions astrophysiques majeures li\u00e9es \u00e0 la naissance des syst\u00e8mes stellaires et \u00e0 la dynamique du cosmos. Il met \u00e9galement en perspective l\u2019influence du Soleil sur notre plan\u00e8te, ainsi que son r\u00f4le dans la structuration du syst\u00e8me solaire, dans une approche \u00e0 la fois p\u00e9dagogique et scientifique.<\/p>\n\n\n\n<p>Organis\u00e9e en collaboration avec l\u2019Unit\u00e9 de M\u00e9diation Scientifique du CERIST, cette \u00e9dition propose un programme riche visant \u00e0 c\u00e9l\u00e9brer plus de deux d\u00e9cennies d\u2019activit\u00e9s de vulgarisation scientifique autour de l\u2019astronomie.<\/p>\n\n\n\n<p><strong>Une participation scientifique nationale et internationale<\/strong><\/p>\n\n\n\n<p>Comme lors des \u00e9ditions pr\u00e9c\u00e9dentes, le festival 2026 b\u00e9n\u00e9ficiera d\u2019une large participation nationale et internationale. Des associations astronomiques, des chercheurs et des personnalit\u00e9s scientifiques venues d\u2019Afrique, du Moyen-Orient et d\u2019Europe sont attendus.<\/p>\n\n\n\n<p>Plusieurs institutions majeures du secteur spatial et scientifique seront pr\u00e9sentes, notamment l\u2019Agence spatiale alg\u00e9rienne, le Centre de d\u00e9veloppement des technologies avanc\u00e9es, le Centre des techniques spatiales et le Centre de recherche en astronomie astrophysique et g\u00e9ophysique. Leur participation t\u00e9moigne de l\u2019importance croissante de cet \u00e9v\u00e9nement dans le paysage scientifique r\u00e9gional et international.<\/p>\n\n\n\n<p>Le festival est plac\u00e9 sous le haut patronage du ministre de la Jeunesse et du wali de Constantine. Il est organis\u00e9 en partenariat avec l\u2019Assembl\u00e9e populaire communale (APC), l\u2019Assembl\u00e9e populaire de wilaya (APW), la Direction de la jeunesse et des sports (DJS) ainsi que la Direction de la culture de Constantine. Sur le plan scientifique et institutionnel, il b\u00e9n\u00e9ficie du soutien de l\u2019Union astronomique internationale (IAU) et de l\u2019Soci\u00e9t\u00e9 africaine d\u2019astronomie (AfAS), renfor\u00e7ant ainsi sa dimension continentale et acad\u00e9mique.<\/p>\n\n\n\n<p><strong>Un programme scientifique riche et multidimensionnel<\/strong><\/p>\n\n\n\n<p>Le programme du festival s\u2019articule autour de plusieurs axes compl\u00e9mentaires. Il comprend une grande exposition astronomique permanente, des conf\u00e9rences scientifiques anim\u00e9es par des sp\u00e9cialistes, ainsi que des ateliers p\u00e9dagogiques destin\u00e9s \u00e0 diff\u00e9rents publics, notamment les jeunes.<\/p>\n\n\n\n<p>Des activit\u00e9s d\u2019animation scientifique et des s\u00e9ances d\u2019observation du ciel, diurnes et nocturnes, viendront compl\u00e9ter ce dispositif. Elles permettent une immersion directe dans l\u2019observation astronomique et renforcent l\u2019int\u00e9r\u00eat du public pour les sciences de l\u2019Univers.<\/p>\n\n\n\n<p>Au fil des ann\u00e9es, ces initiatives ont contribu\u00e9 \u00e0 faire du Festival national d\u2019astronomie populaire de Constantine un \u00e9v\u00e9nement scientifique de r\u00e9f\u00e9rence dans la r\u00e9gion, reconnu pour sa capacit\u00e9 \u00e0 allier rigueur scientifique et accessibilit\u00e9 p\u00e9dagogique.<\/p>\n\n\n\n<p><strong>Une ouverture sur des th\u00e9matiques internationales<\/strong><\/p>\n\n\n\n<p>Cette \u00e9dition met \u00e9galement en avant des expositions permanentes consacr\u00e9es \u00e0 l\u2019espace et \u00e0 l\u2019Univers. Parmi elles, une exposition intitul\u00e9e <strong>\u00ab <\/strong>Le Ciel de la Palestine<strong> \u00bb<\/strong> pr\u00e9sentera 15 astrophotographies r\u00e9alis\u00e9es par des astronomes amateurs de Cisjordanie et de Gaza, illustrant ainsi la dimension universelle de l\u2019astronomie et son r\u00f4le de passerelle entre les peuples.<\/p>\n\n\n\n<p>L\u2019inauguration officielle du festival est pr\u00e9vue pour le jeudi 30 avril \u00e0 10h00. Elle sera suivie d\u2019une visite guid\u00e9e des diff\u00e9rentes expositions et espaces scientifiques.<\/p>\n\n\n\n<p><strong>Une figure scientifique au c\u0153ur du rayonnement du festival<\/strong><\/p>\n\n\n\n<p>Le festival est \u00e9galement port\u00e9 par des figures scientifiques de premier plan, dont le professeur Jamal Mimouni, enseignant au d\u00e9partement de physique de l\u2019Universit\u00e9 Mentouri. Il dirige l\u2019\u00e9cole doctorale d\u2019astronomie et occupe plusieurs fonctions scientifiques et institutionnelles de premier plan.<\/p>\n\n\n\n<p>Il est notamment pr\u00e9sident de l\u2019Association Sirius d\u2019Astronomie, vice-pr\u00e9sident de l\u2019Union arabe de l\u2019astronomie et des sciences de l\u2019espace (AUASS), ainsi que pr\u00e9sident du comit\u00e9 ex\u00e9cutif de la Soci\u00e9t\u00e9 africaine d\u2019astronomie (AFAS). Son engagement illustre le r\u00f4le central des chercheurs dans la promotion de la culture scientifique et le d\u00e9veloppement de la recherche astronomique en Afrique et dans le monde arabe.<\/p>\n\n\n\n<p>\u00c0 travers cette 21e \u00e9dition, le Festival national d\u2019astronomie populaire de Constantine confirme son statut de plateforme scientifique majeure d\u00e9di\u00e9e \u00e0 la vulgarisation de l\u2019astronomie. En combinant recherche, p\u00e9dagogie et ouverture internationale, il contribue \u00e0 renforcer la place de l\u2019Alg\u00e9rie dans le paysage scientifique mondial et \u00e0 promouvoir une culture de la science accessible \u00e0 tous.<\/p>\n\n\n\n<p><strong>S.B.<\/strong><\/p>\n\n\n\n<p><\/p>\n","protected":false},"excerpt":{"rendered":"<p>Depuis 2001, la ville de Constantine s\u2019affirme comme un p\u00f4le scientifique de r\u00e9f\u00e9rence en mati\u00e8re de vulgarisation astronomique sur le continent africain. \u00c0 travers l\u2019organisation annuelle des Festivals nationaux d\u2019astronomie populaire, la cit\u00e9 du Vieux Rocher contribue \u00e0 la d\u00e9mocratisation des sciences de l\u2019Univers, en rapprochant la recherche astronomique du grand public et de la [&hellip;]<\/p>\n","protected":false},"author":3,"featured_media":4532,"comment_status":"open","ping_status":"open","sticky":false,"template":"","format":"standard","meta":{"footnotes":""},"categories":[4,2],"tags":[],"class_list":{"0":"post-4531","1":"post","2":"type-post","3":"status-publish","4":"format-standard","5":"has-post-thumbnail","7":"category-actuest","8":"category-infos"},"_links":{"self":[{"href":"https:\/\/lequotidien-deconstantine.dz\/index.php?rest_route=\/wp\/v2\/posts\/4531","targetHints":{"allow":["GET"]}}],"collection":[{"href":"https:\/\/lequotidien-deconstantine.dz\/index.php?rest_route=\/wp\/v2\/posts"}],"about":[{"href":"https:\/\/lequotidien-deconstantine.dz\/index.php?rest_route=\/wp\/v2\/types\/post"}],"author":[{"embeddable":true,"href":"https:\/\/lequotidien-deconstantine.dz\/index.php?rest_route=\/wp\/v2\/users\/3"}],"replies":[{"embeddable":true,"href":"https:\/\/lequotidien-deconstantine.dz\/index.php?rest_route=%2Fwp%2Fv2%2Fcomments&post=4531"}],"version-history":[{"count":1,"href":"https:\/\/lequotidien-deconstantine.dz\/index.php?rest_route=\/wp\/v2\/posts\/4531\/revisions"}],"predecessor-version":[{"id":4533,"href":"https:\/\/lequotidien-deconstantine.dz\/index.php?rest_route=\/wp\/v2\/posts\/4531\/revisions\/4533"}],"wp:featuredmedia":[{"embeddable":true,"href":"https:\/\/lequotidien-deconstantine.dz\/index.php?rest_route=\/wp\/v2\/media\/4532"}],"wp:attachment":[{"href":"https:\/\/lequotidien-deconstantine.dz\/index.php?rest_route=%2Fwp%2Fv2%2Fmedia&parent=4531"}],"wp:term":[{"taxonomy":"category","embeddable":true,"href":"https:\/\/lequotidien-deconstantine.dz\/index.php?rest_route=%2Fwp%2Fv2%2Fcategories&post=4531"},{"taxonomy":"post_tag","embeddable":true,"href":"https:\/\/lequotidien-deconstantine.dz\/index.php?rest_route=%2Fwp%2Fv2%2Ftags&post=4531"}],"curies":[{"name":"wp","href":"https:\/\/api.w.org\/{rel}","templated":true}]}}