{"id":4543,"date":"2026-04-30T08:11:57","date_gmt":"2026-04-30T07:11:57","guid":{"rendered":"https:\/\/lequotidien-deconstantine.dz\/?p=4543"},"modified":"2026-04-30T08:11:59","modified_gmt":"2026-04-30T07:11:59","slug":"industrie-automobile-de-lassemblage-a-la-chaine-integree","status":"publish","type":"post","link":"https:\/\/lequotidien-deconstantine.dz\/?p=4543","title":{"rendered":"Industrie automobile\u00a0: De l\u2019assemblage \u00e0 la cha\u00eene int\u00e9gr\u00e9e"},"content":{"rendered":"\n<p>L\u2019industrie automobile en Alg\u00e9rie poursuit sa mont\u00e9e en puissance selon une trajectoire ma\u00eetris\u00e9e, fond\u00e9e sur les capacit\u00e9s nationales et une vision strat\u00e9gique de long terme. En d\u00e9placement dans la wilaya de Batna, le Premier ministre Sifi Ghrieb a insist\u00e9 sur une progression \u00ab constante et r\u00e9fl\u00e9chie \u00bb, loin des effets d\u2019annonce et des logiques de \u00ab gonflement artificiel \u00bb.<\/p>\n\n\n\n<p><strong>Une strat\u00e9gie industrielle structur\u00e9e<\/strong><\/p>\n\n\n\n<p>S\u2019exprimant \u00e0 l\u2019issue de cette visite effectu\u00e9e sur instruction du pr\u00e9sident de la R\u00e9publique, Abdelmadjid Tebboune, le Premier ministre a soulign\u00e9 que l\u2019Alg\u00e9rie avance d\u00e9sormais selon un plan clair, port\u00e9 par des comp\u00e9tences locales. \u00ab Le paysage commence \u00e0 se compl\u00e9ter et la vision devient r\u00e9ellement lisible \u00bb, a-t-il affirm\u00e9, mettant en avant une approche progressive visant \u00e0 b\u00e2tir une industrie automobile solide et int\u00e9gr\u00e9e.<\/p>\n\n\n\n<p>Cette dynamique repose sur une logique de structuration du secteur, avec le d\u00e9veloppement d\u2019activit\u00e9s compl\u00e9mentaires \u00e0 travers plusieurs r\u00e9gions du pays, afin de cr\u00e9er un v\u00e9ritable \u00e9cosyst\u00e8me industriel.<\/p>\n\n\n\n<p><strong>Batna et Tissemsilt, piliers de la nouvelle dynamique<\/strong><\/p>\n\n\n\n<p>Au c\u0153ur de cette strat\u00e9gie, deux projets jug\u00e9s structurants ont \u00e9t\u00e9 lanc\u00e9s dans les wilayas de Batna et Tissemsilt. Le premier concerne la fabrication locale de carrosseries automobiles, consid\u00e9r\u00e9e comme une \u00e9tape cl\u00e9 vers l\u2019\u00e9mergence d\u2019une industrie int\u00e9gr\u00e9e. Le second porte sur la production de composants plastiques destin\u00e9s \u00e0 diff\u00e9rents types de v\u00e9hicules.<\/p>\n\n\n\n<p>Selon M. Ghrieb, cette compl\u00e9mentarit\u00e9 territoriale illustre la nouvelle approche adopt\u00e9e par les pouvoirs publics, visant \u00e0 r\u00e9partir les activit\u00e9s industrielles et \u00e0 optimiser les cha\u00eenes de valeur. Elle s\u2019inscrit \u00e9galement dans les orientations fix\u00e9es par le chef de l\u2019\u00c9tat pour structurer durablement le secteur automobile.<\/p>\n\n\n\n<p><strong>Relance industrielle et valorisation des actifs r\u00e9cup\u00e9r\u00e9s<\/strong><\/p>\n\n\n\n<p>Ces projets s\u2019ins\u00e8rent dans une politique plus large de relance des unit\u00e9s industrielles r\u00e9cup\u00e9r\u00e9es dans le cadre de la lutte contre la corruption. Plusieurs installations auparavant \u00e0 l\u2019arr\u00eat ont ainsi \u00e9t\u00e9 remises en activit\u00e9, notamment \u00e0 Batna et Tissemsilt, contribuant \u00e0 redynamiser le tissu industriel local et \u00e0 pr\u00e9server des emplois.<\/p>\n\n\n\n<p>Cette d\u00e9marche vise \u00e0 r\u00e9int\u00e9grer ces actifs dans le circuit \u00e9conomique national, en les transformant en leviers de production et de croissance au b\u00e9n\u00e9fice des citoyens.<\/p>\n\n\n\n<p><strong>Vers une int\u00e9gration accrue de la cha\u00eene de production<\/strong><\/p>\n\n\n\n<p>L\u2019un des d\u00e9fis majeurs reste l\u2019int\u00e9gration compl\u00e8te de la cha\u00eene de production. \u00c0 ce titre, le Premier ministre a annonc\u00e9 le lancement imminent de la production locale de t\u00f4les d\u2019acier conformes aux standards industriels au niveau du complexe Tosyali, \u00e0 partir de septembre prochain.<\/p>\n\n\n\n<p>Cette avanc\u00e9e devrait permettre de r\u00e9duire significativement la d\u00e9pendance aux importations et de renforcer la souverainet\u00e9 industrielle du pays. Elle constitue une \u00e9tape d\u00e9terminante dans la construction d\u2019un \u00e9cosyst\u00e8me automobile national comp\u00e9titif.<\/p>\n\n\n\n<p><strong>Un tissu industriel en consolidation<\/strong><\/p>\n\n\n\n<p>La dynamique actuelle est \u00e9galement soutenue par l\u2019engagement croissant des op\u00e9rateurs \u00e9conomiques. Plusieurs accords ont \u00e9t\u00e9 sign\u00e9s en marge de cette visite pour accompagner les projets en cours et encourager l\u2019utilisation de produits locaux, qu\u2019il s\u2019agisse de structures m\u00e9talliques ou de composants plastiques.<\/p>\n\n\n\n<p>Par ailleurs, un r\u00e9seau industriel de soutien commence \u00e0 se structurer, avec le d\u00e9veloppement d\u2019activit\u00e9s li\u00e9es \u00e0 la fabrication de batteries, de syst\u00e8mes de freinage et d\u2019autres \u00e9quipements essentiels \u00e0 l\u2019industrie automobile.<\/p>\n\n\n\n<p><strong>Une premi\u00e8re \u00e9tape vers un programme plus ambitieux<\/strong><\/p>\n\n\n\n<p>Lors de sa visite \u00e0 Batna, le Premier ministre a proc\u00e9d\u00e9 au lancement d\u2019une usine de pi\u00e8ces m\u00e9talliques par moulage, ainsi qu\u2019\u00e0 l\u2019inauguration d\u2019une unit\u00e9 d\u2019assemblage de caissons frigorifiques pour camions. Il a \u00e9galement pr\u00e9sid\u00e9 une c\u00e9r\u00e9monie de signature de plusieurs accords industriels, illustrant la volont\u00e9 d\u2019acc\u00e9l\u00e9rer la cadence.<\/p>\n\n\n\n<p>Accompagn\u00e9 notamment du ministre de l\u2019Int\u00e9rieur, des Collectivit\u00e9s locales et des Transports, Sa\u00efd Sayoud, et du ministre de l\u2019Industrie, Yahia Bachir, M. Ghrieb a conclu en soulignant que les r\u00e9alisations actuelles ne constituent qu\u2019une premi\u00e8re \u00e9tape.<\/p>\n\n\n\n<p>D\u2019autres projets sont d\u2019ores et d\u00e9j\u00e0 en pr\u00e9paration pour consolider cette fili\u00e8re strat\u00e9gique, appel\u00e9e \u00e0 jouer un r\u00f4le cl\u00e9 dans la diversification de l\u2019\u00e9conomie nationale et la r\u00e9duction de la d\u00e9pendance aux hydrocarbures.<\/p>\n\n\n\n<p><strong>S.B.<\/strong><\/p>\n\n\n\n<p><\/p>\n","protected":false},"excerpt":{"rendered":"<p>L\u2019industrie automobile en Alg\u00e9rie poursuit sa mont\u00e9e en puissance selon une trajectoire ma\u00eetris\u00e9e, fond\u00e9e sur les capacit\u00e9s nationales et une vision strat\u00e9gique de long terme. En d\u00e9placement dans la wilaya de Batna, le Premier ministre Sifi Ghrieb a insist\u00e9 sur une progression \u00ab constante et r\u00e9fl\u00e9chie \u00bb, loin des effets d\u2019annonce et des logiques de [&hellip;]<\/p>\n","protected":false},"author":3,"featured_media":4128,"comment_status":"open","ping_status":"open","sticky":false,"template":"","format":"standard","meta":{"footnotes":""},"categories":[8],"tags":[],"class_list":{"0":"post-4543","1":"post","2":"type-post","3":"status-publish","4":"format-standard","5":"has-post-thumbnail","7":"category-economie"},"_links":{"self":[{"href":"https:\/\/lequotidien-deconstantine.dz\/index.php?rest_route=\/wp\/v2\/posts\/4543","targetHints":{"allow":["GET"]}}],"collection":[{"href":"https:\/\/lequotidien-deconstantine.dz\/index.php?rest_route=\/wp\/v2\/posts"}],"about":[{"href":"https:\/\/lequotidien-deconstantine.dz\/index.php?rest_route=\/wp\/v2\/types\/post"}],"author":[{"embeddable":true,"href":"https:\/\/lequotidien-deconstantine.dz\/index.php?rest_route=\/wp\/v2\/users\/3"}],"replies":[{"embeddable":true,"href":"https:\/\/lequotidien-deconstantine.dz\/index.php?rest_route=%2Fwp%2Fv2%2Fcomments&post=4543"}],"version-history":[{"count":1,"href":"https:\/\/lequotidien-deconstantine.dz\/index.php?rest_route=\/wp\/v2\/posts\/4543\/revisions"}],"predecessor-version":[{"id":4544,"href":"https:\/\/lequotidien-deconstantine.dz\/index.php?rest_route=\/wp\/v2\/posts\/4543\/revisions\/4544"}],"wp:featuredmedia":[{"embeddable":true,"href":"https:\/\/lequotidien-deconstantine.dz\/index.php?rest_route=\/wp\/v2\/media\/4128"}],"wp:attachment":[{"href":"https:\/\/lequotidien-deconstantine.dz\/index.php?rest_route=%2Fwp%2Fv2%2Fmedia&parent=4543"}],"wp:term":[{"taxonomy":"category","embeddable":true,"href":"https:\/\/lequotidien-deconstantine.dz\/index.php?rest_route=%2Fwp%2Fv2%2Fcategories&post=4543"},{"taxonomy":"post_tag","embeddable":true,"href":"https:\/\/lequotidien-deconstantine.dz\/index.php?rest_route=%2Fwp%2Fv2%2Ftags&post=4543"}],"curies":[{"name":"wp","href":"https:\/\/api.w.org\/{rel}","templated":true}]}}