{"id":4548,"date":"2026-05-03T11:31:51","date_gmt":"2026-05-03T10:31:51","guid":{"rendered":"https:\/\/lequotidien-deconstantine.dz\/?p=4548"},"modified":"2026-05-03T11:31:53","modified_gmt":"2026-05-03T10:31:53","slug":"tebboune-tacle-le-retrait-des-emirats-de-lopep-un-non-evenement","status":"publish","type":"post","link":"https:\/\/lequotidien-deconstantine.dz\/?p=4548","title":{"rendered":"Tebboune tacle le retrait des \u00c9mirats de l\u2019Opep\u00a0: Un \u00ab\u00a0non-\u00e9v\u00e8nement \u00bb"},"content":{"rendered":"\n<p>Lors de son entrevue p\u00e9riodique avec la presse nationale diffus\u00e9e samedi soir, le pr\u00e9sident de la R\u00e9publique, Abdelmadjid Tebboune, a balay\u00e9 d&rsquo;un revers de main l&rsquo;impact du d\u00e9part des \u00c9mirats arabes unis de l\u2019Opep. Entre g\u00e9opolitique p\u00e9troli\u00e8re, souverainet\u00e9 historique et enjeux \u00e9lectoraux, le chef de l&rsquo;\u00c9tat a fix\u00e9 les caps de la diplomatie et de la politique int\u00e9rieure alg\u00e9rienne.<\/p>\n\n\n\n<p><strong>L\u2019Opep reste solide malgr\u00e9 le d\u00e9part d\u2019Abou Dhabi<\/strong><\/p>\n\n\n\n<p>Qualifiant le retrait des \u00c9mirats arabes unis de \u00ab non-\u00e9v\u00e8nement \u00bb, le pr\u00e9sident Tebboune a tenu \u00e0 relativiser la port\u00e9e de cette d\u00e9cision annonc\u00e9e le 28 avril dernier. Pour le chef de l\u2019\u00c9tat, l\u2019\u00e9quilibre de l\u2019organisation ne vacille pas, rappelant que le v\u00e9ritable pilier arabe de l&rsquo;Opep demeure le Royaume d\u2019Arabie Saoudite. Concernant la relation avec les \u00c9mirats sur ce dossier, le Pr\u00e9sident a \u00e9t\u00e9 cat\u00e9gorique : \u00ab le livre est ferm\u00e9 \u00bb.<\/p>\n\n\n\n<p>D\u2019ailleurs, l\u2019Alg\u00e9rie r\u00e9affirmait, mercredi dernier, le r\u00f4le \u00ab strat\u00e9gique et structurant \u00bb de l\u2019organisation dans la stabilisation des march\u00e9s mondiaux. Ce soutien est d\u2019ailleurs partag\u00e9 par l&rsquo;Organisation des producteurs de p\u00e9trole africains (APPO). Dans un communiqu\u00e9 r\u00e9cent, l\u2019APPO a appel\u00e9 ses membres, dont l\u2019Alg\u00e9rie, le Nigeria et la Libye, \u00e0 maintenir leur solidarit\u00e9 au sein du cartel pour contrer les \u00ab incertitudes g\u00e9opolitiques \u00bb actuelles.<\/p>\n\n\n\n<p><strong>Le Pape L\u00e9on XIV et la profondeur historique de l\u2019Alg\u00e9rie<\/strong><\/p>\n\n\n\n<p>Revenant sur la visite historique du pape L\u00e9on XIV en Alg\u00e9rie, Abdelmadjid Tebboune a soulign\u00e9 la port\u00e9e symbolique des d\u00e9clarations du Souverain pontife. En affirmant que \u00ab l\u2019Alg\u00e9rie est enracin\u00e9e dans l\u2019histoire jusqu\u2019\u00e0 Saint Augustin et avant Saint Augustin \u00bb, le Pape a, selon le Pr\u00e9sident, d\u00e9finitivement enterr\u00e9 le mythe colonialiste niant l&rsquo;existence mill\u00e9naire de la nation alg\u00e9rienne. Le chef de l\u2019\u00c9tat a pr\u00e9cis\u00e9 que Sa Saintet\u00e9, parfaitement inform\u00e9e des r\u00e9alit\u00e9s du pays, n&rsquo;avait pas jug\u00e9 n\u00e9cessaire de transmettre de messages particuliers, t\u00e9moignant d&rsquo;une compr\u00e9hension mutuelle profonde.<\/p>\n\n\n\n<p><strong>L\u00e9gislatives et lutte contre la fraude \u00e9conomique<\/strong><\/p>\n\n\n\n<p>Sur le front int\u00e9rieur, le Pr\u00e9sident a abord\u00e9 l&rsquo;\u00e9ch\u00e9ance des \u00e9lections l\u00e9gislatives pr\u00e9vues pour le 6 juillet prochain. Qualifiant ce rendez-vous d&rsquo;\u00ab important \u00bb, il a r\u00e9it\u00e9r\u00e9 son instruction de \u00ab bannir formellement toute ing\u00e9rence de l\u2019administration \u00bb afin de garantir l&rsquo;int\u00e9grit\u00e9 du scrutin.<\/p>\n\n\n\n<p>Enfin, le volet \u00e9conomique a \u00e9t\u00e9 marqu\u00e9 par une mise en garde concernant le commerce ext\u00e9rieur. Si l&rsquo;\u00c9tat a r\u00e9ussi \u00e0 d\u00e9manteler les r\u00e9seaux de surfacturation, le pr\u00e9sident Tebboune a r\u00e9v\u00e9l\u00e9 l&rsquo;\u00e9mergence d&rsquo;une \u00ab nouvelle bande \u00bb s&rsquo;adonnant d\u00e9sormais \u00e0 la sous-facturation. Une pratique que les autorit\u00e9s comptent combattre avec la m\u00eame fermet\u00e9 pour assainir durablement l&rsquo;\u00e9conomie nationale.<\/p>\n\n\n\n<p><strong>L.R.<\/strong><\/p>\n\n\n\n<p><\/p>\n","protected":false},"excerpt":{"rendered":"<p>Lors de son entrevue p\u00e9riodique avec la presse nationale diffus\u00e9e samedi soir, le pr\u00e9sident de la R\u00e9publique, Abdelmadjid Tebboune, a balay\u00e9 d&rsquo;un revers de main l&rsquo;impact du d\u00e9part des \u00c9mirats arabes unis de l\u2019Opep. Entre g\u00e9opolitique p\u00e9troli\u00e8re, souverainet\u00e9 historique et enjeux \u00e9lectoraux, le chef de l&rsquo;\u00c9tat a fix\u00e9 les caps de la diplomatie et de [&hellip;]<\/p>\n","protected":false},"author":3,"featured_media":4549,"comment_status":"open","ping_status":"open","sticky":false,"template":"","format":"standard","meta":{"footnotes":""},"categories":[2],"tags":[],"class_list":{"0":"post-4548","1":"post","2":"type-post","3":"status-publish","4":"format-standard","5":"has-post-thumbnail","7":"category-infos"},"_links":{"self":[{"href":"https:\/\/lequotidien-deconstantine.dz\/index.php?rest_route=\/wp\/v2\/posts\/4548","targetHints":{"allow":["GET"]}}],"collection":[{"href":"https:\/\/lequotidien-deconstantine.dz\/index.php?rest_route=\/wp\/v2\/posts"}],"about":[{"href":"https:\/\/lequotidien-deconstantine.dz\/index.php?rest_route=\/wp\/v2\/types\/post"}],"author":[{"embeddable":true,"href":"https:\/\/lequotidien-deconstantine.dz\/index.php?rest_route=\/wp\/v2\/users\/3"}],"replies":[{"embeddable":true,"href":"https:\/\/lequotidien-deconstantine.dz\/index.php?rest_route=%2Fwp%2Fv2%2Fcomments&post=4548"}],"version-history":[{"count":1,"href":"https:\/\/lequotidien-deconstantine.dz\/index.php?rest_route=\/wp\/v2\/posts\/4548\/revisions"}],"predecessor-version":[{"id":4550,"href":"https:\/\/lequotidien-deconstantine.dz\/index.php?rest_route=\/wp\/v2\/posts\/4548\/revisions\/4550"}],"wp:featuredmedia":[{"embeddable":true,"href":"https:\/\/lequotidien-deconstantine.dz\/index.php?rest_route=\/wp\/v2\/media\/4549"}],"wp:attachment":[{"href":"https:\/\/lequotidien-deconstantine.dz\/index.php?rest_route=%2Fwp%2Fv2%2Fmedia&parent=4548"}],"wp:term":[{"taxonomy":"category","embeddable":true,"href":"https:\/\/lequotidien-deconstantine.dz\/index.php?rest_route=%2Fwp%2Fv2%2Fcategories&post=4548"},{"taxonomy":"post_tag","embeddable":true,"href":"https:\/\/lequotidien-deconstantine.dz\/index.php?rest_route=%2Fwp%2Fv2%2Ftags&post=4548"}],"curies":[{"name":"wp","href":"https:\/\/api.w.org\/{rel}","templated":true}]}}