{"id":5063,"date":"2026-09-01T20:58:02","date_gmt":"2026-09-01T19:58:02","guid":{"rendered":"https:\/\/lequotidien-deconstantine.dz\/?p=5063"},"modified":"2026-09-01T20:58:05","modified_gmt":"2026-09-01T19:58:05","slug":"partenariat-energetique-alger-et-berlin-accelerent-la-cadence","status":"publish","type":"post","link":"https:\/\/lequotidien-deconstantine.dz\/?p=5063","title":{"rendered":"Partenariat \u00e9nerg\u00e9tique\u00a0:\u00a0 Alger et Berlin acc\u00e9l\u00e8rent la cadence"},"content":{"rendered":"\n<p class=\"wp-block-paragraph\">L\u2019Alg\u00e9rie et l\u2019Allemagne ont franchi ce mardi une \u00e9tape d\u00e9cisive dans leur partenariat strat\u00e9gique lors d&rsquo;une rencontre de haut niveau \u00e0 Alger entre le ministre d\u2019Etat, ministre des Hydrocarbures, Mohamed Arkab, et le ministre f\u00e9d\u00e9ral allemand des Affaires \u00e9trang\u00e8res, Johann Wadephul. Ax\u00e9s sur le renforcement du secteur gazier, le d\u00e9veloppement de l&rsquo;hydrog\u00e8ne vert et l&rsquo;int\u00e9gration industrielle, ces entretiens traduisent la volont\u00e9 commune d&rsquo;\u00e9tablir un axe \u00e9nerg\u00e9tique euro-m\u00e9diterran\u00e9en durable et performant.<\/p>\n\n\n\n<p class=\"wp-block-paragraph\"><strong>Une impulsion pr\u00e9sidentielle au service du partenariat<\/strong><\/p>\n\n\n\n<p class=\"wp-block-paragraph\">Cette rencontre s&rsquo;inscrit directement dans la dynamique positive impuls\u00e9e par la visite officielle du pr\u00e9sident de la R\u00e9publique, Abdelmadjid Tebboune, \u00e0 Berlin les 16 et 17 juillet 2026. Les discussions visent \u00e0 traduire sur le terrain les orientations strat\u00e9giques d\u00e9finies au plus haut sommet de l&rsquo;Etat, consolidant ainsi les liens politiques et \u00e9conomiques entre Alger et Berlin.<\/p>\n\n\n\n<p class=\"wp-block-paragraph\"><strong>Une large mobilisation institutionnelle et industrielle<\/strong><\/p>\n\n\n\n<p class=\"wp-block-paragraph\">L\u2019ampleur des d\u00e9l\u00e9gations pr\u00e9sentes t\u00e9moigne de l&rsquo;importance accord\u00e9e \u00e0 cette feuille de route commune. Outre les ambassadeurs Georg Felsheim et Larbi Latrous, les \u00e9changes ont r\u00e9uni les responsables cl\u00e9s de la r\u00e9gulation et de la valorisation des ressources, notamment Abdelkader Chertaoui, pr\u00e9sident de l&rsquo;ALNAFT, et Amine Remini, pr\u00e9sident de l&rsquo;ARH, aux c\u00f4t\u00e9s de cadres dirigeants de Sonatrach. Du c\u00f4t\u00e9 allemand, la pr\u00e9sence de g\u00e9ants industriels tels que Bosch Energy, Thyssenkrupp Uhde, VNG, Siemens Energy et VDA confirme la centralit\u00e9 du march\u00e9 alg\u00e9rien.<\/p>\n\n\n\n<p class=\"wp-block-paragraph\"><strong>Le gaz naturel, socle d&rsquo;une coop\u00e9ration \u00e9largie<\/strong><\/p>\n\n\n\n<p class=\"wp-block-paragraph\">Si la commercialisation du gaz naturel et du gaz naturel liqu\u00e9fi\u00e9 (GNL) reste le pilier de la s\u00e9curit\u00e9 \u00e9nerg\u00e9tique, la coop\u00e9ration s&rsquo;\u00e9largit \u00e0 de nouveaux domaines industriels. Les deux parties ont examin\u00e9 le renforcement de leur collaboration dans la cha\u00eene des hydrocarbures, l&rsquo;ing\u00e9nierie, les infrastructures, ainsi que la fabrication d&rsquo;\u00e9quipements sp\u00e9cialis\u00e9s, avec un accent particulier mis sur les technologies destin\u00e9es aux stations de dessalement d&rsquo;eau de mer.<\/p>\n\n\n\n<p class=\"wp-block-paragraph\"><strong>Hydrog\u00e8ne vert et \u00e9quipements de pointe<\/strong><\/p>\n\n\n\n<p class=\"wp-block-paragraph\">L&rsquo;un des axes phares de cette nouvelle phase partenariale repose sur la transition \u00e9nerg\u00e9tique. Sonatrach et le minist\u00e8re de l&rsquo;Energie et des Energies renouvelables entendent s&rsquo;associer au savoir-faire allemand pour d\u00e9velopper la production et la commercialisation d&rsquo;hydrog\u00e8ne et d&rsquo;ammoniac verts. Ce chantier englobe la fabrication locale d&rsquo;\u00e9quipements strat\u00e9giques, \u00e0 l&rsquo;instar des \u00e9lectrolyseurs, assortie de programmes de formation, d&rsquo;assistance technique et de transfert de comp\u00e9tences.<\/p>\n\n\n\n<p class=\"wp-block-paragraph\"><strong>Transition \u00e9cologique et ma\u00eetrise des \u00e9missions<\/strong><\/p>\n\n\n\n<p class=\"wp-block-paragraph\">La d\u00e9carbonation des activit\u00e9s p\u00e9troli\u00e8res et gazi\u00e8res constitue une priorit\u00e9 partag\u00e9e. Les discussions ont port\u00e9 sur la mise en \u0153uvre de solutions technologiques bas carbone, ainsi que sur des projets conjoints d\u00e9di\u00e9s \u00e0 la r\u00e9duction, la gestion et la r\u00e9cup\u00e9ration des \u00e9missions de m\u00e9thane, visant \u00e0 aligner l&rsquo;industrie nationale sur les standards environnementaux internationaux tout en promouvant le contenu local.<\/p>\n\n\n\n<p class=\"wp-block-paragraph\"><strong>L&rsquo;appel d&rsquo;offres \u201c Algeria Bid Round 2026 \u201d au c\u0153ur de l&rsquo;attractivit\u00e9<\/strong><\/p>\n\n\n\n<p class=\"wp-block-paragraph\">Afin de concr\u00e9tiser les projets prioritaires, notamment dans la p\u00e9trochimie, Mohamed Arkab a assur\u00e9 que le secteur fournira l&rsquo;accompagnement et les facilit\u00e9s n\u00e9cessaires aux investisseurs allemands. Le ministre d&rsquo;Eat les a invit\u00e9s \u00e0 participer activement \u00e0 la campagne d&rsquo;appels d&rsquo;offres \u201c Algeria Bid Round 2026 \u201d , encourageant l&rsquo;apport d&rsquo;expertises de pointe et de solutions industrielles avanc\u00e9es sur le march\u00e9 national.<\/p>\n\n\n\n<p class=\"wp-block-paragraph\"><strong>Cap sur le \u201c SoutH2 Corridor\u201d&nbsp;<\/strong><\/p>\n\n\n\n<p class=\"wp-block-paragraph\">Saluant le r\u00f4le de l&rsquo;Alg\u00e9rie en tant que partenaire \u00e9nerg\u00e9tique fiable, Johann Wadephul a confirm\u00e9 l&rsquo;int\u00e9r\u00eat grandissant des entreprises germaniques pour les grands projets strat\u00e9giques alg\u00e9riens. L&rsquo;Allemagne r\u00e9affirme notamment son engagement en faveur du \u201c SoutH2 Corridor \u201d , le projet d&rsquo;interconnexion destin\u00e9 \u00e0 acheminer l&rsquo;hydrog\u00e8ne vert renouvelable depuis l&rsquo;Alg\u00e9rie vers le continent europ\u00e9en.<\/p>\n\n\n\n<p class=\"wp-block-paragraph\">A l&rsquo;issue des entretiens, les deux d\u00e9l\u00e9gations se sont f\u00e9licit\u00e9es de la qualit\u00e9 du dialogue bilat\u00e9ral, s\u2019engageant \u00e0 intensifier les \u00e9changes d&rsquo;expertise pour construire une industrie \u00e9nerg\u00e9tique performante, sobre en carbone et r\u00e9solument tourn\u00e9e vers l&rsquo;avenir.<\/p>\n\n\n\n<p class=\"wp-block-paragraph\">B.S<\/p>\n\n\n\n<p class=\"wp-block-paragraph\"><\/p>\n","protected":false},"excerpt":{"rendered":"<p>L\u2019Alg\u00e9rie et l\u2019Allemagne ont franchi ce mardi une \u00e9tape d\u00e9cisive dans leur partenariat strat\u00e9gique lors d&rsquo;une rencontre de haut niveau \u00e0 Alger entre le ministre d\u2019Etat, ministre des Hydrocarbures, Mohamed Arkab, et le ministre f\u00e9d\u00e9ral allemand des Affaires \u00e9trang\u00e8res, Johann Wadephul. Ax\u00e9s sur le renforcement du secteur gazier, le d\u00e9veloppement de l&rsquo;hydrog\u00e8ne vert et l&rsquo;int\u00e9gration [&hellip;]<\/p>\n","protected":false},"author":3,"featured_media":5064,"comment_status":"open","ping_status":"open","sticky":false,"template":"","format":"standard","meta":{"footnotes":""},"categories":[8],"tags":[],"class_list":["post-5063","post","type-post","status-publish","format-standard","has-post-thumbnail","category-economie"],"_links":{"self":[{"href":"https:\/\/lequotidien-deconstantine.dz\/index.php?rest_route=\/wp\/v2\/posts\/5063","targetHints":{"allow":["GET"]}}],"collection":[{"href":"https:\/\/lequotidien-deconstantine.dz\/index.php?rest_route=\/wp\/v2\/posts"}],"about":[{"href":"https:\/\/lequotidien-deconstantine.dz\/index.php?rest_route=\/wp\/v2\/types\/post"}],"author":[{"embeddable":true,"href":"https:\/\/lequotidien-deconstantine.dz\/index.php?rest_route=\/wp\/v2\/users\/3"}],"replies":[{"embeddable":true,"href":"https:\/\/lequotidien-deconstantine.dz\/index.php?rest_route=%2Fwp%2Fv2%2Fcomments&post=5063"}],"version-history":[{"count":1,"href":"https:\/\/lequotidien-deconstantine.dz\/index.php?rest_route=\/wp\/v2\/posts\/5063\/revisions"}],"predecessor-version":[{"id":5065,"href":"https:\/\/lequotidien-deconstantine.dz\/index.php?rest_route=\/wp\/v2\/posts\/5063\/revisions\/5065"}],"wp:featuredmedia":[{"embeddable":true,"href":"https:\/\/lequotidien-deconstantine.dz\/index.php?rest_route=\/wp\/v2\/media\/5064"}],"wp:attachment":[{"href":"https:\/\/lequotidien-deconstantine.dz\/index.php?rest_route=%2Fwp%2Fv2%2Fmedia&parent=5063"}],"wp:term":[{"taxonomy":"category","embeddable":true,"href":"https:\/\/lequotidien-deconstantine.dz\/index.php?rest_route=%2Fwp%2Fv2%2Fcategories&post=5063"},{"taxonomy":"post_tag","embeddable":true,"href":"https:\/\/lequotidien-deconstantine.dz\/index.php?rest_route=%2Fwp%2Fv2%2Ftags&post=5063"}],"curies":[{"name":"wp","href":"https:\/\/api.w.org\/{rel}","templated":true}]}}